{"id":5122,"date":"2024-07-04T09:52:47","date_gmt":"2024-07-04T09:52:47","guid":{"rendered":"https:\/\/2025.ain.hr\/?p=5122"},"modified":"2024-07-04T09:52:47","modified_gmt":"2024-07-04T09:52:47","slug":"vrlo-ozbiljna-pomorska-nesreca-pozar-i-potpuni-gubitak-motorne-jahte-acceptus-luka-makarska-28-lipnja-2024","status":"publish","type":"post","link":"https:\/\/2025.ain.hr\/en\/vrlo-ozbiljna-pomorska-nesreca-pozar-i-potpuni-gubitak-motorne-jahte-acceptus-luka-makarska-28-lipnja-2024\/","title":{"rendered":"Vrlo ozbiljna pomorska nesre\u0107a \u2013 po\u017ear i potpuni gubitak motorne jahte \u201eAcceptus\u201c, luka Makarska, 28. lipnja 2024."},"content":{"rendered":"<p>Dana 28. lipnja 2024. oko 23:00 sati po\u017ear na krmenom dijelu motorne jahte \u201eAcceptus\u201c privezane u luci Makarska uzrokovao je potpuni gubitak plovnog objekta, unato\u010d kontinuiranom i vi\u0161esatnom ga\u0161enju po\u017eara. U pomorskoj nesre\u0107i nema ozlije\u0111enih osoba. Po ga\u0161enju po\u017eara, na mjestu pomorske nesre\u0107e pristupilo se ograni\u010davanju i sanaciji one\u010di\u0161\u0107enja.<\/p>\n<p>Pokrenuta je sigurnosna istraga ove pomorske nesre\u0107e, \u010diji rezultati \u0107e u obliku Zavr\u0161nog izvje\u0161\u0107a biti javno objavljeni na mre\u017enoj stranici Agencije za istra\u017eivanje nesre\u0107a u zra\u010dnom, pomorskom i \u017eeljezni\u010dkom prometu. Uzev\u0161i u obzir kako plovni objekt vije zastavu Republike Malte, u skladu s me\u0111unarodnim i europskim pravilima o suradnji u provedbi sigurnosnih istraga pomorskih nesre\u0107a, istra\u017ena tijela Republike Hrvatske i Republike Malte odlu\u010dila se kako \u0107e vo\u0111enje istrage preuzeti istra\u017eno tijelo Republike Hrvatske, uz sudjelovanje istra\u017enog tijela Republike Malte u svojstvu bitno zainteresirane dr\u017eave.<\/p>\n","protected":false},"excerpt":{"rendered":"<p>Dana 28. lipnja 2024. oko 23:00 sati po\u017ear na krmenom dijelu motorne jahte \u201eAcceptus\u201c privezane u luci Makarska uzrokovao je potpuni gubitak plovnog objekta, unato\u010d kontinuiranom i vi\u0161esatnom ga\u0161enju po\u017eara. U pomorskoj nesre\u0107i nema ozlije\u0111enih osoba. Po ga\u0161enju po\u017eara, na mjestu pomorske nesre\u0107e pristupilo se ograni\u010davanju i sanaciji one\u010di\u0161\u0107enja. Pokrenuta je sigurnosna istraga ove pomorske [&hellip;]<\/p>\n","protected":false},"author":2,"featured_media":5121,"comment_status":"open","ping_status":"open","sticky":false,"template":"","format":"standard","meta":{"_et_pb_use_builder":"","_et_pb_old_content":"","_et_gb_content_width":"","footnotes":""},"categories":[2],"tags":[],"class_list":["post-5122","post","type-post","status-publish","format-standard","has-post-thumbnail","hentry","category-novosti"],"_links":{"self":[{"href":"https:\/\/2025.ain.hr\/en\/wp-json\/wp\/v2\/posts\/5122","targetHints":{"allow":["GET"]}}],"collection":[{"href":"https:\/\/2025.ain.hr\/en\/wp-json\/wp\/v2\/posts"}],"about":[{"href":"https:\/\/2025.ain.hr\/en\/wp-json\/wp\/v2\/types\/post"}],"author":[{"embeddable":true,"href":"https:\/\/2025.ain.hr\/en\/wp-json\/wp\/v2\/users\/2"}],"replies":[{"embeddable":true,"href":"https:\/\/2025.ain.hr\/en\/wp-json\/wp\/v2\/comments?post=5122"}],"version-history":[{"count":1,"href":"https:\/\/2025.ain.hr\/en\/wp-json\/wp\/v2\/posts\/5122\/revisions"}],"predecessor-version":[{"id":5123,"href":"https:\/\/2025.ain.hr\/en\/wp-json\/wp\/v2\/posts\/5122\/revisions\/5123"}],"wp:featuredmedia":[{"embeddable":true,"href":"https:\/\/2025.ain.hr\/en\/wp-json\/wp\/v2\/media\/5121"}],"wp:attachment":[{"href":"https:\/\/2025.ain.hr\/en\/wp-json\/wp\/v2\/media?parent=5122"}],"wp:term":[{"taxonomy":"category","embeddable":true,"href":"https:\/\/2025.ain.hr\/en\/wp-json\/wp\/v2\/categories?post=5122"},{"taxonomy":"post_tag","embeddable":true,"href":"https:\/\/2025.ain.hr\/en\/wp-json\/wp\/v2\/tags?post=5122"}],"curies":[{"name":"wp","href":"https:\/\/api.w.org\/{rel}","templated":true}]}}