{"id":5081,"date":"2024-06-13T08:52:45","date_gmt":"2024-06-13T08:52:45","guid":{"rendered":"https:\/\/2025.ain.hr\/?p=5081"},"modified":"2024-06-13T08:52:45","modified_gmt":"2024-06-13T08:52:45","slug":"sastanak-vezano-uz-suradnju-italian-civil-aviation-safety-investigation-authority-ansv-i-agencije-za-istrazivanje-nesreca-u-zracnom-pomorskom-i-zeljeznickom-prometu-ain-rim-11-lipnja-2024","status":"publish","type":"post","link":"https:\/\/2025.ain.hr\/en\/sastanak-vezano-uz-suradnju-italian-civil-aviation-safety-investigation-authority-ansv-i-agencije-za-istrazivanje-nesreca-u-zracnom-pomorskom-i-zeljeznickom-prometu-ain-rim-11-lipnja-2024\/","title":{"rendered":"Sastanak vezano uz suradnju Italian Civil Aviation Safety Investigation Authority\u00a0(ANSV) i Agencije za istra\u017eivanje nesre\u0107a u zra\u010dnom, pomorskom i \u017eeljezni\u010dkom prometu (AIN), Rim, 11. lipnja 2024."},"content":{"rendered":"<p>Dana 11. lipnja 2024. godine odr\u017ean je sastanak \u00a0izme\u0111u Agencije za istra\u017eivanje nesre\u0107a u zra\u010dnom, pomorskom i \u017eeljezni\u010dkom prometu (AIN) i\u00a0Italian Civil Aviation Safety Investigation Authority\u00a0(ANSV).<\/p>\n<p>Na sastanku su prisustvovali istra\u017eitelji nesre\u0107a i ostali zaposlenici ANSV-a, te Ravnateljica Agencije za istra\u017eivanje nesre\u0107a u zra\u010dnom, pomorskom i \u017eeljezni\u010dkom prometu, Alana Vuki\u0107, i \u00a0Morana Ivakovi\u0107, istra\u017eiteljica zrakoplovnih nesre\u0107a.<\/p>\n<p>Cilj sastanka je suradnja talijanskog i hrvatskog istra\u017enog tijela u istra\u017eivanju zrakoplovnih nesre\u0107a te daljnji razvoj za neovisno, stru\u010dno i efikasno obavljanje poslova dvaju istra\u017enih tijela.<\/p>\n<p>Temeljem sporazuma o suradnji kojim \u0107e se u\u010dvrstiti i razmjenjivati mi\u0161ljenja, informacije i iskustva, sura\u0111ivat \u0107e se i na organizaciji me\u0111usobnih edukacija i treninga istra\u017eitelja \u0161to predstavlja jednu od najva\u017enijih odrednica u radu i upravljanju za kvalitetno obavljanje istra\u017enih radnji i kvalitetnu izradu zavr\u0161nih izvje\u0161\u0107a.<\/p>\n","protected":false},"excerpt":{"rendered":"<p>Dana 11. lipnja 2024. godine odr\u017ean je sastanak \u00a0izme\u0111u Agencije za istra\u017eivanje nesre\u0107a u zra\u010dnom, pomorskom i \u017eeljezni\u010dkom prometu (AIN) i\u00a0Italian Civil Aviation Safety Investigation Authority\u00a0(ANSV). Na sastanku su prisustvovali istra\u017eitelji nesre\u0107a i ostali zaposlenici ANSV-a, te Ravnateljica Agencije za istra\u017eivanje nesre\u0107a u zra\u010dnom, pomorskom i \u017eeljezni\u010dkom prometu, Alana Vuki\u0107, i \u00a0Morana Ivakovi\u0107, istra\u017eiteljica zrakoplovnih [&hellip;]<\/p>\n","protected":false},"author":2,"featured_media":5080,"comment_status":"open","ping_status":"open","sticky":false,"template":"","format":"standard","meta":{"_et_pb_use_builder":"","_et_pb_old_content":"","_et_gb_content_width":"","footnotes":""},"categories":[2],"tags":[],"class_list":["post-5081","post","type-post","status-publish","format-standard","has-post-thumbnail","hentry","category-novosti"],"_links":{"self":[{"href":"https:\/\/2025.ain.hr\/en\/wp-json\/wp\/v2\/posts\/5081","targetHints":{"allow":["GET"]}}],"collection":[{"href":"https:\/\/2025.ain.hr\/en\/wp-json\/wp\/v2\/posts"}],"about":[{"href":"https:\/\/2025.ain.hr\/en\/wp-json\/wp\/v2\/types\/post"}],"author":[{"embeddable":true,"href":"https:\/\/2025.ain.hr\/en\/wp-json\/wp\/v2\/users\/2"}],"replies":[{"embeddable":true,"href":"https:\/\/2025.ain.hr\/en\/wp-json\/wp\/v2\/comments?post=5081"}],"version-history":[{"count":1,"href":"https:\/\/2025.ain.hr\/en\/wp-json\/wp\/v2\/posts\/5081\/revisions"}],"predecessor-version":[{"id":5082,"href":"https:\/\/2025.ain.hr\/en\/wp-json\/wp\/v2\/posts\/5081\/revisions\/5082"}],"wp:featuredmedia":[{"embeddable":true,"href":"https:\/\/2025.ain.hr\/en\/wp-json\/wp\/v2\/media\/5080"}],"wp:attachment":[{"href":"https:\/\/2025.ain.hr\/en\/wp-json\/wp\/v2\/media?parent=5081"}],"wp:term":[{"taxonomy":"category","embeddable":true,"href":"https:\/\/2025.ain.hr\/en\/wp-json\/wp\/v2\/categories?post=5081"},{"taxonomy":"post_tag","embeddable":true,"href":"https:\/\/2025.ain.hr\/en\/wp-json\/wp\/v2\/tags?post=5081"}],"curies":[{"name":"wp","href":"https:\/\/api.w.org\/{rel}","templated":true}]}}