{"id":5056,"date":"2024-06-07T11:08:47","date_gmt":"2024-06-07T11:08:47","guid":{"rendered":"https:\/\/2025.ain.hr\/?p=5056"},"modified":"2024-06-07T11:08:47","modified_gmt":"2024-06-07T11:08:47","slug":"55-plenarna-sjednica-istraznih-tijela-nib-network-meeting-u-valenciennesu-francuska-15-16-05-2024","status":"publish","type":"post","link":"https:\/\/2025.ain.hr\/en\/55-plenarna-sjednica-istraznih-tijela-nib-network-meeting-u-valenciennesu-francuska-15-16-05-2024\/","title":{"rendered":"55. Plenarna sjednica istra\u017enih tijela (NIB Network meeting) u Valenciennesu, Francuska, 15.-16.05.2024."},"content":{"rendered":"<p class=\"x_MsoNormal\">Dana 15. i 16.05.2024. u Valenciennesu, Francuska, odr\u017eana je 55. Plenarna sjednica istra\u017enih tijela \u017eeljezni\u010dkih nesre\u0107a u organizaciji Agencije Europske unije za \u017eeljeznice (ERA), na kojoj je prisustvovala predstavnica Odjela za istrage nesre\u0107a u \u017eeljezni\u010dkom prometu.<\/p>\n<p class=\"x_MsoNormal\">Na sjednici su tako\u0111er prisustvovali predstavnici istra\u017enih tijela Portugala, Belgije, Bugarske, \u0160vicarske, \u010ce\u0161ke, Njema\u010dke, Danske, Estonije, \u0160panjolske, Francuske, Hrvatske, Irske, Luksemburga, Latvije, Nizozemske, Rumunjske, \u0160vedske i Slovenije, kao i predstavnici ERA i Europske komisije.\u00a0 Na sjednici su raspravljane razne teme, napravljen je pregled a\u017euriranih smjernica od strane radnih skupina, odr\u017eala se mini radionica za sve predstavnike u vezi rasprave na \u0161to bi se trebalo fokusirati u drugoj fazi stru\u010dnih revizija, predstavljene su prezentacije o pojedinim istra\u017eenim nesre\u0107ama i incidentima od strane istra\u017enih tijela Norve\u0161ke, Danske, Rumunjske i \u0160vicarke, predstavnici ERA predstavili su prezentacije o postupku dublje analize u izvje\u0161\u0107ima, o budu\u0107em sustavu dijeljenja informacija i internim grupama istra\u017enih tijela, putem on-line veze predstavio se predstavnik NIB Gr\u010dka i odr\u017eao kratku prezentaciju o ozbiljnoj nesre\u0107i koja se dogodila pro\u0161le godine.<\/p>\n<p class=\"x_MsoNormal\" aria-hidden=\"true\">\n","protected":false},"excerpt":{"rendered":"<p>Dana 15. i 16.05.2024. u Valenciennesu, Francuska, odr\u017eana je 55. Plenarna sjednica istra\u017enih tijela \u017eeljezni\u010dkih nesre\u0107a u organizaciji Agencije Europske unije za \u017eeljeznice (ERA), na kojoj je prisustvovala predstavnica Odjela za istrage nesre\u0107a u \u017eeljezni\u010dkom prometu. Na sjednici su tako\u0111er prisustvovali predstavnici istra\u017enih tijela Portugala, Belgije, Bugarske, \u0160vicarske, \u010ce\u0161ke, Njema\u010dke, Danske, Estonije, \u0160panjolske, Francuske, Hrvatske, [&hellip;]<\/p>\n","protected":false},"author":2,"featured_media":1218,"comment_status":"open","ping_status":"open","sticky":false,"template":"","format":"standard","meta":{"_et_pb_use_builder":"","_et_pb_old_content":"","_et_gb_content_width":"","footnotes":""},"categories":[2],"tags":[],"class_list":["post-5056","post","type-post","status-publish","format-standard","has-post-thumbnail","hentry","category-novosti"],"_links":{"self":[{"href":"https:\/\/2025.ain.hr\/en\/wp-json\/wp\/v2\/posts\/5056","targetHints":{"allow":["GET"]}}],"collection":[{"href":"https:\/\/2025.ain.hr\/en\/wp-json\/wp\/v2\/posts"}],"about":[{"href":"https:\/\/2025.ain.hr\/en\/wp-json\/wp\/v2\/types\/post"}],"author":[{"embeddable":true,"href":"https:\/\/2025.ain.hr\/en\/wp-json\/wp\/v2\/users\/2"}],"replies":[{"embeddable":true,"href":"https:\/\/2025.ain.hr\/en\/wp-json\/wp\/v2\/comments?post=5056"}],"version-history":[{"count":1,"href":"https:\/\/2025.ain.hr\/en\/wp-json\/wp\/v2\/posts\/5056\/revisions"}],"predecessor-version":[{"id":5057,"href":"https:\/\/2025.ain.hr\/en\/wp-json\/wp\/v2\/posts\/5056\/revisions\/5057"}],"wp:featuredmedia":[{"embeddable":true,"href":"https:\/\/2025.ain.hr\/en\/wp-json\/wp\/v2\/media\/1218"}],"wp:attachment":[{"href":"https:\/\/2025.ain.hr\/en\/wp-json\/wp\/v2\/media?parent=5056"}],"wp:term":[{"taxonomy":"category","embeddable":true,"href":"https:\/\/2025.ain.hr\/en\/wp-json\/wp\/v2\/categories?post=5056"},{"taxonomy":"post_tag","embeddable":true,"href":"https:\/\/2025.ain.hr\/en\/wp-json\/wp\/v2\/tags?post=5056"}],"curies":[{"name":"wp","href":"https:\/\/api.w.org\/{rel}","templated":true}]}}