{"id":5036,"date":"2024-05-29T12:56:13","date_gmt":"2024-05-29T12:56:13","guid":{"rendered":"https:\/\/2025.ain.hr\/?p=5036"},"modified":"2024-06-04T13:03:03","modified_gmt":"2024-06-04T13:03:03","slug":"zrakoplovna-nesreca-aviona-ha-tub-kerestinec-25-svibnja-2024","status":"publish","type":"post","link":"https:\/\/2025.ain.hr\/en\/zrakoplovna-nesreca-aviona-ha-tub-kerestinec-25-svibnja-2024\/","title":{"rendered":"Zrakoplovna nesre\u0107a aviona HA-TUB, Kerestinec, 25. svibnja 2024."},"content":{"rendered":"<p class=\"x_MsoNormal\"><span lang=\"EN-GB\">Dana 25. svibnja 2024. godine oko 15:40 sati po lokalnom vremenu, u \u0161umu pored Kerestinca pao je manji avion.<\/span><\/p>\n<p class=\"x_MsoNormal\"><span lang=\"EN-GB\">Pad je uslijedio ubrzo nakon polijetanja s aerodroma Lu\u010dko. U avionu se nalazio pilot i \u010detvero padobranaca koji su trebali obaviti skok s visine od 1500 m.<\/span><\/p>\n<p class=\"x_MsoNormal\"><span lang=\"EN-GB\">U ovoj nesre\u0107i jedna je osoba smrtno stradala, dok su \u010detiri osobe bile lak\u0161e ozlije\u0111ene. Avion je uni\u0161ten.<\/span><\/p>\n<p class=\"x_MsoNormal\"><span lang=\"EN-GB\">Istra\u017eitelji AIN istoga su dana na mjestu nesre\u0107e zapo\u010deli o\u010devid koji je zavr\u0161en idu\u0107eg dana. Slijedi sigurnosna istraga, po okon\u010danju koje \u0107e AIN objaviti Zavr\u0161no izvje\u0161\u0107e o ovoj nesre\u0107i.<\/span><\/p>\n","protected":false},"excerpt":{"rendered":"<p>Dana 25. svibnja 2024. godine oko 15:40 sati po lokalnom vremenu, u \u0161umu pored Kerestinca pao je manji avion. Pad je uslijedio ubrzo nakon polijetanja s aerodroma Lu\u010dko. U avionu se nalazio pilot i \u010detvero padobranaca koji su trebali obaviti skok s visine od 1500 m. U ovoj nesre\u0107i jedna je osoba smrtno stradala, dok [&hellip;]<\/p>\n","protected":false},"author":2,"featured_media":5035,"comment_status":"open","ping_status":"open","sticky":false,"template":"","format":"standard","meta":{"_et_pb_use_builder":"","_et_pb_old_content":"","_et_gb_content_width":"","footnotes":""},"categories":[2],"tags":[],"class_list":["post-5036","post","type-post","status-publish","format-standard","has-post-thumbnail","hentry","category-novosti"],"_links":{"self":[{"href":"https:\/\/2025.ain.hr\/en\/wp-json\/wp\/v2\/posts\/5036","targetHints":{"allow":["GET"]}}],"collection":[{"href":"https:\/\/2025.ain.hr\/en\/wp-json\/wp\/v2\/posts"}],"about":[{"href":"https:\/\/2025.ain.hr\/en\/wp-json\/wp\/v2\/types\/post"}],"author":[{"embeddable":true,"href":"https:\/\/2025.ain.hr\/en\/wp-json\/wp\/v2\/users\/2"}],"replies":[{"embeddable":true,"href":"https:\/\/2025.ain.hr\/en\/wp-json\/wp\/v2\/comments?post=5036"}],"version-history":[{"count":1,"href":"https:\/\/2025.ain.hr\/en\/wp-json\/wp\/v2\/posts\/5036\/revisions"}],"predecessor-version":[{"id":5037,"href":"https:\/\/2025.ain.hr\/en\/wp-json\/wp\/v2\/posts\/5036\/revisions\/5037"}],"wp:featuredmedia":[{"embeddable":true,"href":"https:\/\/2025.ain.hr\/en\/wp-json\/wp\/v2\/media\/5035"}],"wp:attachment":[{"href":"https:\/\/2025.ain.hr\/en\/wp-json\/wp\/v2\/media?parent=5036"}],"wp:term":[{"taxonomy":"category","embeddable":true,"href":"https:\/\/2025.ain.hr\/en\/wp-json\/wp\/v2\/categories?post=5036"},{"taxonomy":"post_tag","embeddable":true,"href":"https:\/\/2025.ain.hr\/en\/wp-json\/wp\/v2\/tags?post=5036"}],"curies":[{"name":"wp","href":"https:\/\/api.w.org\/{rel}","templated":true}]}}