{"id":5032,"date":"2024-05-28T12:10:17","date_gmt":"2024-05-28T12:10:17","guid":{"rendered":"https:\/\/2025.ain.hr\/?p=5032"},"modified":"2024-05-28T12:10:17","modified_gmt":"2024-05-28T12:10:17","slug":"potpisan-sporazum-o-suradnji-izmedu-agencije-za-istrazivanje-nesreca-u-zracnom-pomorskom-i-zeljeznickom-prometu-ain-i-bundesstelle-fur-flugunfalluntersuchung-bfu","status":"publish","type":"post","link":"https:\/\/2025.ain.hr\/en\/potpisan-sporazum-o-suradnji-izmedu-agencije-za-istrazivanje-nesreca-u-zracnom-pomorskom-i-zeljeznickom-prometu-ain-i-bundesstelle-fur-flugunfalluntersuchung-bfu\/","title":{"rendered":"Potpisan Sporazum o suradnji izme\u0111u Agencije za istra\u017eivanje nesre\u0107a u zra\u010dnom, pomorskom i \u017eeljezni\u010dkom prometu (AIN) i Bundesstelle f\u00fcr Flugunfalluntersuchung (BFU)"},"content":{"rendered":"<p>Dana 23. svibnja 2024. godine potpisan je Sporazum o suradnji u vezi sa istragama nesre\u0107a u zra\u010dnom prometu, izme\u0111u Agencije za istra\u017eivanje nesre\u0107a u zra\u010dnom, pomorskom i \u017eeljezni\u010dkom prometu (AIN) i Bundesstelle f\u00fcr Flugunfalluntersuchung (BFU).<\/p>\n<p>Ravnateljica Agencije za istra\u017eivanje nesre\u0107a u zra\u010dnom, pomorskom i \u017eeljezni\u010dkom prometu, Alana Vuki\u0107, i direktor Agencije za istra\u017eivanje zrakoplovnih nesre\u0107a u Njema\u010dkoj, Marco Luetkemeyer, potpisali su Sporazum o suradnji u Stavangeru, Norve\u0161ka.<\/p>\n<p>Na sastanku i potpisivanju sporazuma prisustvovali su i istra\u017eitelj zrakoplovnih nesre\u0107a BFU-a, te AIN istra\u017eitelji zrakoplovnih nesre\u0107a.<\/p>\n<p>Cilj sporazuma je suradnja njema\u010dkog i hrvatskog istra\u017enog tijela u istra\u017eivanju zrakoplovnih nesre\u0107a te daljnji razvoj za neovisno, stru\u010dno i efikasno obavljanje poslova dvaju istra\u017enih tijela.<\/p>\n<p>Temeljem sporazuma razmjenjivat \u0107e se mi\u0161ljenja, informacije i iskustva, sura\u0111ivat \u0107e se i na organizaciji me\u0111usobnih edukacija i treninga istra\u017eitelja \u0161to predstavlja jednu od najva\u017enijih odrednica u radu i upravljanju za kvalitetno obavljanje istra\u017enih radnji i kvalitetnu izradu zavr\u0161nih izvje\u0161\u0107a.<\/p>\n","protected":false},"excerpt":{"rendered":"<p>Dana 23. svibnja 2024. godine potpisan je Sporazum o suradnji u vezi sa istragama nesre\u0107a u zra\u010dnom prometu, izme\u0111u Agencije za istra\u017eivanje nesre\u0107a u zra\u010dnom, pomorskom i \u017eeljezni\u010dkom prometu (AIN) i Bundesstelle f\u00fcr Flugunfalluntersuchung (BFU). Ravnateljica Agencije za istra\u017eivanje nesre\u0107a u zra\u010dnom, pomorskom i \u017eeljezni\u010dkom prometu, Alana Vuki\u0107, i direktor Agencije za istra\u017eivanje zrakoplovnih nesre\u0107a [&hellip;]<\/p>\n","protected":false},"author":2,"featured_media":5031,"comment_status":"open","ping_status":"open","sticky":false,"template":"","format":"standard","meta":{"_et_pb_use_builder":"","_et_pb_old_content":"","_et_gb_content_width":"","footnotes":""},"categories":[2],"tags":[],"class_list":["post-5032","post","type-post","status-publish","format-standard","has-post-thumbnail","hentry","category-novosti"],"_links":{"self":[{"href":"https:\/\/2025.ain.hr\/en\/wp-json\/wp\/v2\/posts\/5032","targetHints":{"allow":["GET"]}}],"collection":[{"href":"https:\/\/2025.ain.hr\/en\/wp-json\/wp\/v2\/posts"}],"about":[{"href":"https:\/\/2025.ain.hr\/en\/wp-json\/wp\/v2\/types\/post"}],"author":[{"embeddable":true,"href":"https:\/\/2025.ain.hr\/en\/wp-json\/wp\/v2\/users\/2"}],"replies":[{"embeddable":true,"href":"https:\/\/2025.ain.hr\/en\/wp-json\/wp\/v2\/comments?post=5032"}],"version-history":[{"count":1,"href":"https:\/\/2025.ain.hr\/en\/wp-json\/wp\/v2\/posts\/5032\/revisions"}],"predecessor-version":[{"id":5033,"href":"https:\/\/2025.ain.hr\/en\/wp-json\/wp\/v2\/posts\/5032\/revisions\/5033"}],"wp:featuredmedia":[{"embeddable":true,"href":"https:\/\/2025.ain.hr\/en\/wp-json\/wp\/v2\/media\/5031"}],"wp:attachment":[{"href":"https:\/\/2025.ain.hr\/en\/wp-json\/wp\/v2\/media?parent=5032"}],"wp:term":[{"taxonomy":"category","embeddable":true,"href":"https:\/\/2025.ain.hr\/en\/wp-json\/wp\/v2\/categories?post=5032"},{"taxonomy":"post_tag","embeddable":true,"href":"https:\/\/2025.ain.hr\/en\/wp-json\/wp\/v2\/tags?post=5032"}],"curies":[{"name":"wp","href":"https:\/\/api.w.org\/{rel}","templated":true}]}}