{"id":4842,"date":"2024-02-21T17:37:43","date_gmt":"2024-02-21T17:37:43","guid":{"rendered":"https:\/\/2025.ain.hr\/?p=4842"},"modified":"2024-02-21T17:37:43","modified_gmt":"2024-02-21T17:37:43","slug":"ocevid-zeljeznicke-nesrece-izmedu-kolodvora-zagreb-zapadni-i-kolodvora-podsused-tv-na-pruzi-m101-18-veljace-2024","status":"publish","type":"post","link":"https:\/\/2025.ain.hr\/en\/ocevid-zeljeznicke-nesrece-izmedu-kolodvora-zagreb-zapadni-i-kolodvora-podsused-tv-na-pruzi-m101-18-veljace-2024\/","title":{"rendered":"O\u010devid \u017eeljezni\u010dke nesre\u0107e izme\u0111u kolodvora Zagreb Zapadni i kolodvora Podsused TV na pruzi M101, 18. velja\u010de 2024."},"content":{"rendered":"<p>Dana 18.02.2024. godine, u 12:56 sati od strane dru\u0161tva H\u017d Infrastruktura d.o.o., Sektor za promet, zaprimljena je obavijest o nesre\u0107i izme\u0111u kolodvora Zagreb Zapadni i kolodvora Podsused TV u km 429+050 na pruzi oznake M101, \u00a0gdje je u 12:25 sati na desnom kolosijeku do\u0161lo do iskliznu\u0107a druge osovine na vu\u010dnom vozilu u smjeru vo\u017enje vlaka broj 82012.<\/p>\n<p>U nesre\u0107i nitko nije smrtno stradao niti je ozlije\u0111en, nastala je manja materijalna \u0161teta na \u017eeljezni\u010dkom vozilu i na infrastrukturi.<\/p>\n<p>Nakon \u0161to se prikupe svi relevantni podaci u svezi nesre\u0107e i izradi analiza svih prikupljenih podataka, utvrditi \u0107e se da li je bilo propusta u svezi sigurnosti \u017eeljezni\u010dkog sustava, te \u0107e se\u00a0 odlu\u010diti o pokretanju\/nepokretanju sigurnosne istrage predmetne \u017eeljezni\u010dke nesre\u0107e.<\/p>\n","protected":false},"excerpt":{"rendered":"<p>Dana 18.02.2024. godine, u 12:56 sati od strane dru\u0161tva H\u017d Infrastruktura d.o.o., Sektor za promet, zaprimljena je obavijest o nesre\u0107i izme\u0111u kolodvora Zagreb Zapadni i kolodvora Podsused TV u km 429+050 na pruzi oznake M101, \u00a0gdje je u 12:25 sati na desnom kolosijeku do\u0161lo do iskliznu\u0107a druge osovine na vu\u010dnom vozilu u smjeru vo\u017enje vlaka [&hellip;]<\/p>\n","protected":false},"author":2,"featured_media":4841,"comment_status":"open","ping_status":"open","sticky":false,"template":"","format":"standard","meta":{"_et_pb_use_builder":"","_et_pb_old_content":"","_et_gb_content_width":"","footnotes":""},"categories":[2],"tags":[],"class_list":["post-4842","post","type-post","status-publish","format-standard","has-post-thumbnail","hentry","category-novosti"],"_links":{"self":[{"href":"https:\/\/2025.ain.hr\/en\/wp-json\/wp\/v2\/posts\/4842","targetHints":{"allow":["GET"]}}],"collection":[{"href":"https:\/\/2025.ain.hr\/en\/wp-json\/wp\/v2\/posts"}],"about":[{"href":"https:\/\/2025.ain.hr\/en\/wp-json\/wp\/v2\/types\/post"}],"author":[{"embeddable":true,"href":"https:\/\/2025.ain.hr\/en\/wp-json\/wp\/v2\/users\/2"}],"replies":[{"embeddable":true,"href":"https:\/\/2025.ain.hr\/en\/wp-json\/wp\/v2\/comments?post=4842"}],"version-history":[{"count":1,"href":"https:\/\/2025.ain.hr\/en\/wp-json\/wp\/v2\/posts\/4842\/revisions"}],"predecessor-version":[{"id":4843,"href":"https:\/\/2025.ain.hr\/en\/wp-json\/wp\/v2\/posts\/4842\/revisions\/4843"}],"wp:featuredmedia":[{"embeddable":true,"href":"https:\/\/2025.ain.hr\/en\/wp-json\/wp\/v2\/media\/4841"}],"wp:attachment":[{"href":"https:\/\/2025.ain.hr\/en\/wp-json\/wp\/v2\/media?parent=4842"}],"wp:term":[{"taxonomy":"category","embeddable":true,"href":"https:\/\/2025.ain.hr\/en\/wp-json\/wp\/v2\/categories?post=4842"},{"taxonomy":"post_tag","embeddable":true,"href":"https:\/\/2025.ain.hr\/en\/wp-json\/wp\/v2\/tags?post=4842"}],"curies":[{"name":"wp","href":"https:\/\/api.w.org\/{rel}","templated":true}]}}