{"id":4796,"date":"2024-01-05T10:20:38","date_gmt":"2024-01-05T10:20:38","guid":{"rendered":"https:\/\/2025.ain.hr\/?p=4796"},"modified":"2024-01-05T10:20:38","modified_gmt":"2024-01-05T10:20:38","slug":"zavrsena-istraga-nesrece-nalet-vlaka-broj-62077-na-grupu-vagona-u-kolodvoru-skrljevo-14-studeni-2022","status":"publish","type":"post","link":"https:\/\/2025.ain.hr\/en\/zavrsena-istraga-nesrece-nalet-vlaka-broj-62077-na-grupu-vagona-u-kolodvoru-skrljevo-14-studeni-2022\/","title":{"rendered":"Zavr\u0161ena istraga nesre\u0107e &#8211; nalet vlaka broj 62077 na grupu vagona u kolodvoru \u0160krljevo, 14. studeni 2022."},"content":{"rendered":"<p>Zavr\u0161ena je istraga \u017eeljezni\u010dke nesre\u0107e u kojoj je14. studenog 2022. godine do\u0161lo do naleta vlaka broj 62077 na grupu vagona u kolodvoru \u0160krljevo.<\/p>\n<p>Kona\u010dno izvje\u0161\u0107e s pripadaju\u0107im sigurnosnim preporukama objavljeno je <a href=\"https:\/\/2025.ain.hr\/istrage\/zeljeznicka-nesreca-nalet-teretnog-vlaka-broj-62077-na-grupu-vagona-kolodvor-skrljevo-14-11-2022\/\">ovdje<\/a> na na\u0161oj web stranici.<\/p>\n","protected":false},"excerpt":{"rendered":"<p>Zavr\u0161ena je istraga \u017eeljezni\u010dke nesre\u0107e u kojoj je14. studenog 2022. godine do\u0161lo do naleta vlaka broj 62077 na grupu vagona u kolodvoru \u0160krljevo. Kona\u010dno izvje\u0161\u0107e s pripadaju\u0107im sigurnosnim preporukama objavljeno je ovdje na na\u0161oj web stranici.<\/p>\n","protected":false},"author":2,"featured_media":3019,"comment_status":"open","ping_status":"open","sticky":false,"template":"","format":"standard","meta":{"_et_pb_use_builder":"","_et_pb_old_content":"","_et_gb_content_width":"","footnotes":""},"categories":[2],"tags":[],"class_list":["post-4796","post","type-post","status-publish","format-standard","has-post-thumbnail","hentry","category-novosti"],"_links":{"self":[{"href":"https:\/\/2025.ain.hr\/en\/wp-json\/wp\/v2\/posts\/4796","targetHints":{"allow":["GET"]}}],"collection":[{"href":"https:\/\/2025.ain.hr\/en\/wp-json\/wp\/v2\/posts"}],"about":[{"href":"https:\/\/2025.ain.hr\/en\/wp-json\/wp\/v2\/types\/post"}],"author":[{"embeddable":true,"href":"https:\/\/2025.ain.hr\/en\/wp-json\/wp\/v2\/users\/2"}],"replies":[{"embeddable":true,"href":"https:\/\/2025.ain.hr\/en\/wp-json\/wp\/v2\/comments?post=4796"}],"version-history":[{"count":1,"href":"https:\/\/2025.ain.hr\/en\/wp-json\/wp\/v2\/posts\/4796\/revisions"}],"predecessor-version":[{"id":4798,"href":"https:\/\/2025.ain.hr\/en\/wp-json\/wp\/v2\/posts\/4796\/revisions\/4798"}],"wp:featuredmedia":[{"embeddable":true,"href":"https:\/\/2025.ain.hr\/en\/wp-json\/wp\/v2\/media\/3019"}],"wp:attachment":[{"href":"https:\/\/2025.ain.hr\/en\/wp-json\/wp\/v2\/media?parent=4796"}],"wp:term":[{"taxonomy":"category","embeddable":true,"href":"https:\/\/2025.ain.hr\/en\/wp-json\/wp\/v2\/categories?post=4796"},{"taxonomy":"post_tag","embeddable":true,"href":"https:\/\/2025.ain.hr\/en\/wp-json\/wp\/v2\/tags?post=4796"}],"curies":[{"name":"wp","href":"https:\/\/api.w.org\/{rel}","templated":true}]}}