{"id":4766,"date":"2023-12-27T23:47:17","date_gmt":"2023-12-27T23:47:17","guid":{"rendered":"https:\/\/2025.ain.hr\/?p=4766"},"modified":"2023-12-27T23:47:17","modified_gmt":"2023-12-27T23:47:17","slug":"zavrsena-istraga-vrlo-ozbiljne-pomorske-nesrece-teretnog-broda-pjeskar-otok-dolin-13-listopada-2022","status":"publish","type":"post","link":"https:\/\/2025.ain.hr\/en\/zavrsena-istraga-vrlo-ozbiljne-pomorske-nesrece-teretnog-broda-pjeskar-otok-dolin-13-listopada-2022\/","title":{"rendered":"Zavr\u0161ena istraga vrlo ozbiljne pomorske nesre\u0107e teretnog broda \u201ePjeskar\u201c, otok Dolin, 13. listopada 2022."},"content":{"rendered":"<p>Zavr\u0161ena je sigurnosna istraga vrlo ozbiljne pomorske nesre\u0107e teretnog broda \u201ePjeskar\u201c u kojoj je dana 13. listopada 2022. godine oko 13:52 po lokalnom vremenu (UTC + 2) u uvali Samotorac otoka Dolin smrtno stradao zapovjednik teretnog broda \u201ePjeskar\u201c tijekom rada na brodskoj palubnoj dizalici kori\u0161tenoj za manipulaciju morskim pijeskom, uslijed prevrtanja kraka dizalice na vitlo s bubnjem i dio upravlja\u010dke kabine. Predmetna pomorska nesre\u0107a rezultirala je tako\u0111er materijalnom \u0161tetom na brodu \u201ePjeskar\u201c, odnosno na pripadaju\u0107oj brodskoj dizalici.<\/p>\n<p>Zavr\u0161no izvje\u0161\u0107e objavljeno je\u00a0<a href=\"https:\/\/2025.ain.hr\/istrage\/smrtno-stradavanje-zapovjednika-teretnog-broda-pjeskar-uvala-samotorac-otok-dolin-13-10-2022\/\">ovdje<\/a>\u00a0na na\u0161oj web stranici.<\/p>\n","protected":false},"excerpt":{"rendered":"<p>Zavr\u0161ena je sigurnosna istraga vrlo ozbiljne pomorske nesre\u0107e teretnog broda \u201ePjeskar\u201c u kojoj je dana 13. listopada 2022. godine oko 13:52 po lokalnom vremenu (UTC + 2) u uvali Samotorac otoka Dolin smrtno stradao zapovjednik teretnog broda \u201ePjeskar\u201c tijekom rada na brodskoj palubnoj dizalici kori\u0161tenoj za manipulaciju morskim pijeskom, uslijed prevrtanja kraka dizalice na vitlo [&hellip;]<\/p>\n","protected":false},"author":2,"featured_media":3021,"comment_status":"open","ping_status":"open","sticky":false,"template":"","format":"standard","meta":{"_et_pb_use_builder":"","_et_pb_old_content":"","_et_gb_content_width":"","footnotes":""},"categories":[2],"tags":[],"class_list":["post-4766","post","type-post","status-publish","format-standard","has-post-thumbnail","hentry","category-novosti"],"_links":{"self":[{"href":"https:\/\/2025.ain.hr\/en\/wp-json\/wp\/v2\/posts\/4766","targetHints":{"allow":["GET"]}}],"collection":[{"href":"https:\/\/2025.ain.hr\/en\/wp-json\/wp\/v2\/posts"}],"about":[{"href":"https:\/\/2025.ain.hr\/en\/wp-json\/wp\/v2\/types\/post"}],"author":[{"embeddable":true,"href":"https:\/\/2025.ain.hr\/en\/wp-json\/wp\/v2\/users\/2"}],"replies":[{"embeddable":true,"href":"https:\/\/2025.ain.hr\/en\/wp-json\/wp\/v2\/comments?post=4766"}],"version-history":[{"count":1,"href":"https:\/\/2025.ain.hr\/en\/wp-json\/wp\/v2\/posts\/4766\/revisions"}],"predecessor-version":[{"id":4767,"href":"https:\/\/2025.ain.hr\/en\/wp-json\/wp\/v2\/posts\/4766\/revisions\/4767"}],"wp:featuredmedia":[{"embeddable":true,"href":"https:\/\/2025.ain.hr\/en\/wp-json\/wp\/v2\/media\/3021"}],"wp:attachment":[{"href":"https:\/\/2025.ain.hr\/en\/wp-json\/wp\/v2\/media?parent=4766"}],"wp:term":[{"taxonomy":"category","embeddable":true,"href":"https:\/\/2025.ain.hr\/en\/wp-json\/wp\/v2\/categories?post=4766"},{"taxonomy":"post_tag","embeddable":true,"href":"https:\/\/2025.ain.hr\/en\/wp-json\/wp\/v2\/tags?post=4766"}],"curies":[{"name":"wp","href":"https:\/\/api.w.org\/{rel}","templated":true}]}}