{"id":4724,"date":"2023-12-11T22:04:55","date_gmt":"2023-12-11T22:04:55","guid":{"rendered":"https:\/\/2025.ain.hr\/?p=4724"},"modified":"2023-12-11T22:04:55","modified_gmt":"2023-12-11T22:04:55","slug":"ocevid-zeljeznicke-nesrece-nalet-teretnog-vlaka-broj-81218-na-vozilo-za-posebne-namjene-izmedu-kolodvora-meja-i-skrljevo-11-prosinca-2023","status":"publish","type":"post","link":"https:\/\/2025.ain.hr\/en\/ocevid-zeljeznicke-nesrece-nalet-teretnog-vlaka-broj-81218-na-vozilo-za-posebne-namjene-izmedu-kolodvora-meja-i-skrljevo-11-prosinca-2023\/","title":{"rendered":"O\u010devid \u017eeljezni\u010dke nesre\u0107e &#8211; nalet teretnog vlaka broj 81218 na vozilo za posebne namjene, izme\u0111u kolodvora Meja i \u0160krljevo, 11. prosinca 2023."},"content":{"rendered":"<p>Dana 11. prosinca 2023. godine u 08:49 sati prema lokalnom vremenu, izme\u0111u kolodvora Meja i \u0160krljevo na pruzi oznake M202, do\u0161lo je do naleta teretnog vlaka broj 81218 na vozilo za posebne namjene. Nema smrtno stradalih niti te\u017ee ozlije\u0111enih.<\/p>\n<p>Agencija za istra\u017eivanje nesre\u0107a u zra\u010dnom, pomorskom i \u017eeljezni\u010dkom prometu obavije\u0161tena je odmah po doga\u0111aju od strane dispe\u010dera H\u017d infrastrukture d.o.o.<\/p>\n<p>Odmah po dojavi o izvanrednom doga\u0111aju, istra\u017eitelji \u017eeljezni\u010dkih nesre\u0107a Agencije iza\u0161li su na teren u svrhu provo\u0111enja o\u010devida. O\u010devid je u tijeku.<\/p>\n<p>Nakon \u0161to se prikupe svi relevantni podaci u svezi nesre\u0107e i napravi analiza svih prikupljenih podataka, utvrdit \u0107e se da li je bilo propusta u svezi sigurnosti \u017eeljezni\u010dkog sustava, te \u0107e se\u00a0 odlu\u010diti o pokretanju\/nepokretanju sigurnosne istrage predmetne nesre\u0107e.<\/p>\n","protected":false},"excerpt":{"rendered":"<p>Dana 11. prosinca 2023. godine u 08:49 sati prema lokalnom vremenu, izme\u0111u kolodvora Meja i \u0160krljevo na pruzi oznake M202, do\u0161lo je do naleta teretnog vlaka broj 81218 na vozilo za posebne namjene. Nema smrtno stradalih niti te\u017ee ozlije\u0111enih. Agencija za istra\u017eivanje nesre\u0107a u zra\u010dnom, pomorskom i \u017eeljezni\u010dkom prometu obavije\u0161tena je odmah po doga\u0111aju od [&hellip;]<\/p>\n","protected":false},"author":2,"featured_media":4721,"comment_status":"open","ping_status":"open","sticky":false,"template":"","format":"standard","meta":{"_et_pb_use_builder":"","_et_pb_old_content":"","_et_gb_content_width":"","footnotes":""},"categories":[2],"tags":[],"class_list":["post-4724","post","type-post","status-publish","format-standard","has-post-thumbnail","hentry","category-novosti"],"_links":{"self":[{"href":"https:\/\/2025.ain.hr\/en\/wp-json\/wp\/v2\/posts\/4724","targetHints":{"allow":["GET"]}}],"collection":[{"href":"https:\/\/2025.ain.hr\/en\/wp-json\/wp\/v2\/posts"}],"about":[{"href":"https:\/\/2025.ain.hr\/en\/wp-json\/wp\/v2\/types\/post"}],"author":[{"embeddable":true,"href":"https:\/\/2025.ain.hr\/en\/wp-json\/wp\/v2\/users\/2"}],"replies":[{"embeddable":true,"href":"https:\/\/2025.ain.hr\/en\/wp-json\/wp\/v2\/comments?post=4724"}],"version-history":[{"count":1,"href":"https:\/\/2025.ain.hr\/en\/wp-json\/wp\/v2\/posts\/4724\/revisions"}],"predecessor-version":[{"id":4725,"href":"https:\/\/2025.ain.hr\/en\/wp-json\/wp\/v2\/posts\/4724\/revisions\/4725"}],"wp:featuredmedia":[{"embeddable":true,"href":"https:\/\/2025.ain.hr\/en\/wp-json\/wp\/v2\/media\/4721"}],"wp:attachment":[{"href":"https:\/\/2025.ain.hr\/en\/wp-json\/wp\/v2\/media?parent=4724"}],"wp:term":[{"taxonomy":"category","embeddable":true,"href":"https:\/\/2025.ain.hr\/en\/wp-json\/wp\/v2\/categories?post=4724"},{"taxonomy":"post_tag","embeddable":true,"href":"https:\/\/2025.ain.hr\/en\/wp-json\/wp\/v2\/tags?post=4724"}],"curies":[{"name":"wp","href":"https:\/\/api.w.org\/{rel}","templated":true}]}}