{"id":4469,"date":"2023-07-19T11:37:32","date_gmt":"2023-07-19T11:37:32","guid":{"rendered":"https:\/\/2025.ain.hr\/?p=4469"},"modified":"2023-07-19T11:37:32","modified_gmt":"2023-07-19T11:37:32","slug":"ocevid-nesrece-iskliznuce-vagona-na-pruzi-oznake-m103-u-blizini-kolodvora-ludina-16-srpnja-2023","status":"publish","type":"post","link":"https:\/\/2025.ain.hr\/en\/ocevid-nesrece-iskliznuce-vagona-na-pruzi-oznake-m103-u-blizini-kolodvora-ludina-16-srpnja-2023\/","title":{"rendered":"O\u010devid nesre\u0107e &#8211; iskliznu\u0107e vagona na pruzi oznake M103 u blizini kolodvora Ludina, 16. srpnja 2023."},"content":{"rendered":"<p>Dana 16. srpnja 2023. godine, u 17:10 sati od strane dru\u0161tva H\u017d Infrastruktura d.o.o., Sektor za promet, zaprimljena je obavijest o iskliznu\u0107u tri teretna vagona u sastavu vlaka broj 48995 uslijed deformacije kolosijeka (nastale uslijed visokih temperatura). \u00a0Prvi tragovi iskliznu\u0107a zabilje\u017eeni su u km 49+000 pruge M103 u blizini kolodvora Ludina, iskliznula su posljednja tri vagona sa po jednim okretnim postoljem.<\/p>\n<p>U nesre\u0107i nitko nije smrtno stradao niti ozlije\u0111en, te je nastala manja materijalna \u0161teta na vagonima i ve\u0107a na infrastrukturi.<\/p>\n<p>Nakon \u0161to se prikupe svi relevantni podaci u svezi nesre\u0107e i izradi analiza svih prikupljenih podataka, utvrditi \u0107e se da li je bilo propusta u svezi sigurnosti \u017eeljezni\u010dkog sustava, te \u0107e se\u00a0 odlu\u010diti o pokretanju\/nepokretanju sigurnosne istrage predmetne \u017eeljezni\u010dke nesre\u0107e.<\/p>\n","protected":false},"excerpt":{"rendered":"<p>Dana 16. srpnja 2023. godine, u 17:10 sati od strane dru\u0161tva H\u017d Infrastruktura d.o.o., Sektor za promet, zaprimljena je obavijest o iskliznu\u0107u tri teretna vagona u sastavu vlaka broj 48995 uslijed deformacije kolosijeka (nastale uslijed visokih temperatura). \u00a0Prvi tragovi iskliznu\u0107a zabilje\u017eeni su u km 49+000 pruge M103 u blizini kolodvora Ludina, iskliznula su posljednja tri [&hellip;]<\/p>\n","protected":false},"author":2,"featured_media":4467,"comment_status":"open","ping_status":"open","sticky":false,"template":"","format":"standard","meta":{"_et_pb_use_builder":"","_et_pb_old_content":"","_et_gb_content_width":"","footnotes":""},"categories":[2],"tags":[],"class_list":["post-4469","post","type-post","status-publish","format-standard","has-post-thumbnail","hentry","category-novosti"],"_links":{"self":[{"href":"https:\/\/2025.ain.hr\/en\/wp-json\/wp\/v2\/posts\/4469","targetHints":{"allow":["GET"]}}],"collection":[{"href":"https:\/\/2025.ain.hr\/en\/wp-json\/wp\/v2\/posts"}],"about":[{"href":"https:\/\/2025.ain.hr\/en\/wp-json\/wp\/v2\/types\/post"}],"author":[{"embeddable":true,"href":"https:\/\/2025.ain.hr\/en\/wp-json\/wp\/v2\/users\/2"}],"replies":[{"embeddable":true,"href":"https:\/\/2025.ain.hr\/en\/wp-json\/wp\/v2\/comments?post=4469"}],"version-history":[{"count":1,"href":"https:\/\/2025.ain.hr\/en\/wp-json\/wp\/v2\/posts\/4469\/revisions"}],"predecessor-version":[{"id":4470,"href":"https:\/\/2025.ain.hr\/en\/wp-json\/wp\/v2\/posts\/4469\/revisions\/4470"}],"wp:featuredmedia":[{"embeddable":true,"href":"https:\/\/2025.ain.hr\/en\/wp-json\/wp\/v2\/media\/4467"}],"wp:attachment":[{"href":"https:\/\/2025.ain.hr\/en\/wp-json\/wp\/v2\/media?parent=4469"}],"wp:term":[{"taxonomy":"category","embeddable":true,"href":"https:\/\/2025.ain.hr\/en\/wp-json\/wp\/v2\/categories?post=4469"},{"taxonomy":"post_tag","embeddable":true,"href":"https:\/\/2025.ain.hr\/en\/wp-json\/wp\/v2\/tags?post=4469"}],"curies":[{"name":"wp","href":"https:\/\/api.w.org\/{rel}","templated":true}]}}