{"id":4348,"date":"2023-06-07T10:06:05","date_gmt":"2023-06-07T10:06:05","guid":{"rendered":"https:\/\/2025.ain.hr\/?p=4348"},"modified":"2023-06-07T10:09:51","modified_gmt":"2023-06-07T10:09:51","slug":"sudjelovanje-predstavnice-agencije-na-terenskoj-vjezbi-potrage-i-spasavanja-zrakoplova-asar-2023-3","status":"publish","type":"post","link":"https:\/\/2025.ain.hr\/en\/sudjelovanje-predstavnice-agencije-na-terenskoj-vjezbi-potrage-i-spasavanja-zrakoplova-asar-2023-3\/","title":{"rendered":"Sudjelovanje predstavnice Agencije na terenskoj vje\u017ebi potrage i spa\u0161avanja zrakoplova \u201eASAR 2023 \u2013 3\u201c"},"content":{"rendered":"<p>U organizaciji Ravnateljstva civilne za\u0161tite, na podru\u010dju Viroviti\u010dko\u2013podravske i Osje\u010dko\u2013baranjske \u017eupanije, 3. i 4. lipnja 2023., odr\u017eana je terenska vje\u017eba \u201eASAR 2023-3\u201c s ciljem provjere uskla\u0111enosti operativnog djelovanja svih sastavnica sustava potrage i spa\u0161avanja zrakoplova na kopnu i unutarnjim vodama tijekom svih faza provedbe akcije. Na vje\u017ebi potrage i spa\u0161avanja zrakoplova sudjelovala je i predstavnica Agencije kroz standardne operativne postupke u slu\u010daju pada zrakoplova.<\/p>\n<p>Uz predstavnike Stalne koordinacije za potragu i spa\u0161avanje zrakoplova RH, stru\u010dnjake iz Regionalnog savjetodavnog odbora za potragu i spa\u0161avanje zrakoplova (RASARAC) -a te brojne uzvanike, programu za promatra\u010de nazo\u010dio je ravnatelj Ravnateljstva civilne za\u0161tite dr.sc. Damir Trut. Ova vje\u017eba nastavak je na simulacijsko &#8211; komunikacijsku vje\u017ebu \u201eASAR 2023 \u2013 1\u201c i sto\u017eerno &#8211; zapovjednu vje\u017ebu \u201eASAR 2023 &#8211; 2\u201c.\u00a0 koje organizira Ravnateljstvo civilne za\u0161tite.<\/p>\n<p>Vje\u017eba je odr\u017eana na podru\u010dju Viroviti\u010dko-podravske i Osje\u010dko-baranjske \u017eupanije te na lokaciji Spasila\u010dkog koordinacijskog centra na kopnu (Ravnateljstvo civilne za\u0161tite), Hrvatske kontrole zra\u010dnog prometa, Croatia Airlines-a i Zra\u010dne luke Osijek, kao i na lokacijama operativnih de\u017eurstava sudionika sustava zrakoplovne potrage i spa\u0161avanja. Vje\u017eba je odr\u017eana u realnom vremenu te su svi sud<\/p>\n<p>ionici terenskog dijela vje\u017ebe pristizali na lokaciju baze operacije u Slatinski Drenovac iz svojih sjedi\u0161ta iz kojih svakodnevno idu na hitne intervencije. U bazi operacije formirani su mje\u0161oviti potra\u017eni timovi sastavljeni od pripadnika Dr\u017eavne intervencijske postrojbe civilne za\u0161tite, HGSS-a i vatrogasaca dok je policija osiguravala podru\u010dje pretrage. Uz zemaljske snage, u potragu je bio uklju\u010den i zrakoplov Agencije za europsku grani\u010dnu i obalnu stra\u017eu (FRONTEX) opremljen termovizijskim kamerama te helikopter Antiteroristi\u010dke jedinice Lu\u010dko koji je uz tim HGSS-a sudjelovao i u spa\u0161avanju te\u0161ko ozlije\u0111enog spa\u0161avatelja. Uz operativne procedure, tijekom vje\u017ebe je simulirano i krizno komuniciranje u slu\u010daju pada zrakoplova pri \u010demu je koordinacijsku ulogu s predstavnicima odnosa s javno\u0161\u0107u operativnih slu\u017ebi i nadle\u017enih tijela imala Slu\u017eba za krizno komuniciranje Ravnateljstva civilne za\u0161tite, a sve kako bi se osiguralo uskla\u0111eno, to\u010dno i pravodobno izvje\u0161tavanje prema javnosti.<\/p>\n<p>Timovi hitne medicinske slu\u017ebe zbrinuli su 20 te\u0161ko ozlije\u0111enih osoba, a\u00a0 pri simuliranom padu zrakoplova, prema scenariju, smrtno je stradalo 20 osoba.<\/p>\n<p>Timovi Hrvatskog Crvenog kri\u017ea sudjelovali su u pru\u017eanju psihosocijalne podr\u0161ke \u010dlanovima obitelji pre\u017eivjelih i stradalih putnika u centru za prihvat obitelji u Zra\u010dnoj luci Osijek, u koordinaciji s predstavnicima Zra\u010dne luke Osijek i Croatia Airlinesa.<\/p>\n<p>Uz tetra veze, tijekom vje\u017ebe je kori\u0161ten sustav NICS (Next Generation Incident Command System) kao alati za komunikaciju i izmjenjivanje informacija izme\u0111u svih sudionika potrage i spa\u0161avanja zrakoplova. Na taj na\u010din su svi sudionici bili upoznati s trenutnom fazom operacija te se minimalizira mogu\u0107nost nepotrebnog dupliciranja aktivnosti na terenu.<\/p>\n\n\t\t<style type=\"text\/css\">\n\t\t\t#gallery-1 {\n\t\t\t\tmargin: auto;\n\t\t\t}\n\t\t\t#gallery-1 .gallery-item {\n\t\t\t\tfloat: left;\n\t\t\t\tmargin-top: 10px;\n\t\t\t\ttext-align: center;\n\t\t\t\twidth: 33%;\n\t\t\t}\n\t\t\t#gallery-1 img {\n\t\t\t\tborder: 2px solid #cfcfcf;\n\t\t\t}\n\t\t\t#gallery-1 .gallery-caption {\n\t\t\t\tmargin-left: 0;\n\t\t\t}\n\t\t\t\/* see gallery_shortcode() in wp-includes\/media.php *\/\n\t\t<\/style>\n\t\t<div id='gallery-1' class='gallery galleryid-4348 gallery-columns-3 gallery-size-medium'><dl class='gallery-item'>\n\t\t\t<dt class='gallery-icon landscape'>\n\t\t\t\t<a href='https:\/\/2025.ain.hr\/en\/asar_2023_1_naslovna-2\/'><img loading=\"lazy\" decoding=\"async\" width=\"300\" height=\"200\" src=\"https:\/\/2025.ain.hr\/wp-content\/uploads\/2023\/06\/asar_2023_1_naslovna-300x200.jpg\" class=\"attachment-medium size-medium\" alt=\"\" \/><\/a>\n\t\t\t<\/dt><\/dl><dl class='gallery-item'>\n\t\t\t<dt class='gallery-icon landscape'>\n\t\t\t\t<a href='https:\/\/2025.ain.hr\/en\/asar_2023_vjezba_6-2\/'><img loading=\"lazy\" decoding=\"async\" width=\"300\" height=\"200\" src=\"https:\/\/2025.ain.hr\/wp-content\/uploads\/2023\/06\/asar_2023_vjezba_6-300x200.jpg\" class=\"attachment-medium size-medium\" alt=\"\" \/><\/a>\n\t\t\t<\/dt><\/dl><dl class='gallery-item'>\n\t\t\t<dt class='gallery-icon landscape'>\n\t\t\t\t<a href='https:\/\/2025.ain.hr\/en\/asar_2023_vjezba_4-2\/'><img loading=\"lazy\" decoding=\"async\" width=\"300\" height=\"200\" src=\"https:\/\/2025.ain.hr\/wp-content\/uploads\/2023\/06\/asar_2023_vjezba_4-300x200.jpg\" class=\"attachment-medium size-medium\" alt=\"\" \/><\/a>\n\t\t\t<\/dt><\/dl><br style=\"clear: both\" \/><dl class='gallery-item'>\n\t\t\t<dt class='gallery-icon landscape'>\n\t\t\t\t<a href='https:\/\/2025.ain.hr\/en\/asar_2023_vjezba_7-2\/'><img loading=\"lazy\" decoding=\"async\" width=\"300\" height=\"169\" src=\"https:\/\/2025.ain.hr\/wp-content\/uploads\/2023\/06\/asar_2023_vjezba_7-300x169.jpg\" class=\"attachment-medium size-medium\" alt=\"\" \/><\/a>\n\t\t\t<\/dt><\/dl><dl class='gallery-item'>\n\t\t\t<dt class='gallery-icon landscape'>\n\t\t\t\t<a href='https:\/\/2025.ain.hr\/en\/asar_2023_vjezba_5-2\/'><img loading=\"lazy\" decoding=\"async\" width=\"300\" height=\"169\" src=\"https:\/\/2025.ain.hr\/wp-content\/uploads\/2023\/06\/asar_2023_vjezba_5-300x169.jpg\" class=\"attachment-medium size-medium\" alt=\"\" \/><\/a>\n\t\t\t<\/dt><\/dl><dl class='gallery-item'>\n\t\t\t<dt class='gallery-icon landscape'>\n\t\t\t\t<a href='https:\/\/2025.ain.hr\/en\/asar_2023_vjezba_3-2\/'><img loading=\"lazy\" decoding=\"async\" width=\"300\" height=\"169\" src=\"https:\/\/2025.ain.hr\/wp-content\/uploads\/2023\/06\/asar_2023_vjezba_3-300x169.jpg\" class=\"attachment-medium size-medium\" alt=\"\" \/><\/a>\n\t\t\t<\/dt><\/dl><br style=\"clear: both\" \/>\n\t\t<\/div>\n\n<p>Na vje\u017ebi je sudjelovalo vi\u0161e od 200 sudionika, uklju\u010duju\u0107i predstavnike MUP-a, Oru\u017eanih snaga RH, Ministarstva vanjskih i europskih poslova, Hrvatske kontrole zra\u010dne plovidbe, Hrvatskog zavoda za hitnu medicinu, Hrvatske vatrogasne zajednice, Hrvatske gorske slu\u017ebe spa\u0161avanja, Hrvatskog Crvenog kri\u017ea, Dr\u017eavnog hidrometeorolo\u0161kog zavoda, Zavoda za hitnu medicinu Viroviti\u010dko-podravske, Osje\u010dko-baranjske i Po\u017ee\u0161ko &#8211; slavonske \u017eupanije, Zra\u010dne luke Osijek i Zadar, Croatia Airlinesa i FRONTEX-a.<\/p>\n","protected":false},"excerpt":{"rendered":"<p>U organizaciji Ravnateljstva civilne za\u0161tite, na podru\u010dju Viroviti\u010dko\u2013podravske i Osje\u010dko\u2013baranjske \u017eupanije, 3. i 4. lipnja 2023., odr\u017eana je terenska vje\u017eba \u201eASAR 2023-3\u201c s ciljem provjere uskla\u0111enosti operativnog djelovanja svih sastavnica sustava potrage i spa\u0161avanja zrakoplova na kopnu i unutarnjim vodama tijekom svih faza provedbe akcije. Na vje\u017ebi potrage i spa\u0161avanja zrakoplova sudjelovala je i predstavnica [&hellip;]<\/p>\n","protected":false},"author":2,"featured_media":4342,"comment_status":"open","ping_status":"open","sticky":false,"template":"","format":"standard","meta":{"_et_pb_use_builder":"","_et_pb_old_content":"","_et_gb_content_width":"","footnotes":""},"categories":[2],"tags":[],"class_list":["post-4348","post","type-post","status-publish","format-standard","has-post-thumbnail","hentry","category-novosti"],"_links":{"self":[{"href":"https:\/\/2025.ain.hr\/en\/wp-json\/wp\/v2\/posts\/4348","targetHints":{"allow":["GET"]}}],"collection":[{"href":"https:\/\/2025.ain.hr\/en\/wp-json\/wp\/v2\/posts"}],"about":[{"href":"https:\/\/2025.ain.hr\/en\/wp-json\/wp\/v2\/types\/post"}],"author":[{"embeddable":true,"href":"https:\/\/2025.ain.hr\/en\/wp-json\/wp\/v2\/users\/2"}],"replies":[{"embeddable":true,"href":"https:\/\/2025.ain.hr\/en\/wp-json\/wp\/v2\/comments?post=4348"}],"version-history":[{"count":3,"href":"https:\/\/2025.ain.hr\/en\/wp-json\/wp\/v2\/posts\/4348\/revisions"}],"predecessor-version":[{"id":4352,"href":"https:\/\/2025.ain.hr\/en\/wp-json\/wp\/v2\/posts\/4348\/revisions\/4352"}],"wp:featuredmedia":[{"embeddable":true,"href":"https:\/\/2025.ain.hr\/en\/wp-json\/wp\/v2\/media\/4342"}],"wp:attachment":[{"href":"https:\/\/2025.ain.hr\/en\/wp-json\/wp\/v2\/media?parent=4348"}],"wp:term":[{"taxonomy":"category","embeddable":true,"href":"https:\/\/2025.ain.hr\/en\/wp-json\/wp\/v2\/categories?post=4348"},{"taxonomy":"post_tag","embeddable":true,"href":"https:\/\/2025.ain.hr\/en\/wp-json\/wp\/v2\/tags?post=4348"}],"curies":[{"name":"wp","href":"https:\/\/api.w.org\/{rel}","templated":true}]}}