{"id":4327,"date":"2023-05-26T08:59:34","date_gmt":"2023-05-26T08:59:34","guid":{"rendered":"https:\/\/2025.ain.hr\/?p=4327"},"modified":"2023-05-26T09:12:38","modified_gmt":"2023-05-26T09:12:38","slug":"odrzana-svecanost-povodom-10-godisnjice-osnutka-agencije-za-istrazivanje-nesreca-u-zracnom-pomorskom-i-zeljeznickom-prometu","status":"publish","type":"post","link":"https:\/\/2025.ain.hr\/en\/odrzana-svecanost-povodom-10-godisnjice-osnutka-agencije-za-istrazivanje-nesreca-u-zracnom-pomorskom-i-zeljeznickom-prometu\/","title":{"rendered":"Odr\u017eana sve\u010danost povodom 10. godi\u0161njice osnutka Agencije za istra\u017eivanje nesre\u0107a u zra\u010dnom, pomorskom i \u017eeljezni\u010dkom prometu"},"content":{"rendered":"<p>Dana 23. svibnja 2023. godine uprili\u010dili smo sve\u010danost povodom 10. godi\u0161njice osnutka na\u0161e Agencije.<\/p>\n<p>Agencija je po\u010dela sa samostalnim djelovanjem 2013. godine. Osnovana je temeljem Zakona o osnivanju Agencije, a osniva\u010d je Vlada Republike Hrvatske, a kao pravni sljednik Agencije za istra\u017eivanje nesre\u0107a i ozbiljnih nezgoda zrakoplova pri Ministarstvu mora, prometa i infrastrukture.<\/p>\n<p>Pozdravne govore sudionicima Sve\u010danosti uputili su predsjednik Upravnog vije\u0107a Agencije Davor Poljak, ravnateljica Agencije Alana Vuki\u0107 i dr\u017eavni tajnik u Ministarstvu mora, prometa i infrastrukture Alen Gospo\u010di\u0107.<\/p>\n<p>Zahvalnice za dobru suradnju uru\u010dene su Upravi za sigurnost plovidbe, Upravi zra\u010dnog prometa, elektroni\u010dkih komunikacija i po\u0161te, Upravi za \u017eeljezni\u010dku infrastrukturu i promet pri Ministarstvu mora, prometa i infrastrukture, Agenciji za sigurnost \u017eeljeznice, Agenciji za civilno zrakoplovstvo, Hrvatskoj kontroli zra\u010dne plovidbe, Hrvatskom registru brodova, Fakultetu prometnih znanosti i ALTPRO d.o.o.<\/p>\n\n\t\t<style type=\"text\/css\">\n\t\t\t#gallery-1 {\n\t\t\t\tmargin: auto;\n\t\t\t}\n\t\t\t#gallery-1 .gallery-item {\n\t\t\t\tfloat: left;\n\t\t\t\tmargin-top: 10px;\n\t\t\t\ttext-align: center;\n\t\t\t\twidth: 33%;\n\t\t\t}\n\t\t\t#gallery-1 img {\n\t\t\t\tborder: 2px solid #cfcfcf;\n\t\t\t}\n\t\t\t#gallery-1 .gallery-caption {\n\t\t\t\tmargin-left: 0;\n\t\t\t}\n\t\t\t\/* see gallery_shortcode() in wp-includes\/media.php *\/\n\t\t<\/style>\n\t\t<div id='gallery-1' class='gallery galleryid-4327 gallery-columns-3 gallery-size-medium'><dl class='gallery-item'>\n\t\t\t<dt class='gallery-icon landscape'>\n\t\t\t\t<a href='https:\/\/2025.ain.hr\/en\/artistic-studio-bjelovar-385915872421-15\/'><img loading=\"lazy\" decoding=\"async\" width=\"300\" height=\"200\" src=\"https:\/\/2025.ain.hr\/wp-content\/uploads\/2023\/05\/AIN_10_god_s1-300x200.jpg\" class=\"attachment-medium size-medium\" alt=\"\" \/><\/a>\n\t\t\t<\/dt><\/dl><dl class='gallery-item'>\n\t\t\t<dt class='gallery-icon landscape'>\n\t\t\t\t<a href='https:\/\/2025.ain.hr\/en\/artistic-studio-bjelovar-385915872421-2-2\/'><img loading=\"lazy\" decoding=\"async\" width=\"300\" height=\"200\" src=\"https:\/\/2025.ain.hr\/wp-content\/uploads\/2023\/05\/AIN_10_god_s3-300x200.jpg\" class=\"attachment-medium size-medium\" alt=\"\" \/><\/a>\n\t\t\t<\/dt><\/dl><dl class='gallery-item'>\n\t\t\t<dt class='gallery-icon landscape'>\n\t\t\t\t<a href='https:\/\/2025.ain.hr\/en\/artistic-studio-bjelovar-385915872421-3-2\/'><img loading=\"lazy\" decoding=\"async\" width=\"300\" height=\"200\" src=\"https:\/\/2025.ain.hr\/wp-content\/uploads\/2023\/05\/AIN_10_god_s2-300x200.jpg\" class=\"attachment-medium size-medium\" alt=\"\" \/><\/a>\n\t\t\t<\/dt><\/dl><br style=\"clear: both\" \/><dl class='gallery-item'>\n\t\t\t<dt class='gallery-icon landscape'>\n\t\t\t\t<a href='https:\/\/2025.ain.hr\/en\/artistic-studio-bjelovar-385915872421-5-2\/'><img loading=\"lazy\" decoding=\"async\" width=\"300\" height=\"200\" src=\"https:\/\/2025.ain.hr\/wp-content\/uploads\/2023\/05\/AIN_10_god_s4-300x200.jpg\" class=\"attachment-medium size-medium\" alt=\"\" \/><\/a>\n\t\t\t<\/dt><\/dl><dl class='gallery-item'>\n\t\t\t<dt class='gallery-icon landscape'>\n\t\t\t\t<a href='https:\/\/2025.ain.hr\/en\/artistic-studio-bjelovar-385915872421-7-2\/'><img loading=\"lazy\" decoding=\"async\" width=\"300\" height=\"200\" src=\"https:\/\/2025.ain.hr\/wp-content\/uploads\/2023\/05\/AIN_10_god_s6-300x200.jpg\" class=\"attachment-medium size-medium\" alt=\"\" \/><\/a>\n\t\t\t<\/dt><\/dl><dl class='gallery-item'>\n\t\t\t<dt class='gallery-icon landscape'>\n\t\t\t\t<a href='https:\/\/2025.ain.hr\/en\/artistic-studio-bjelovar-385915872421-8-2\/'><img loading=\"lazy\" decoding=\"async\" width=\"300\" height=\"200\" src=\"https:\/\/2025.ain.hr\/wp-content\/uploads\/2023\/05\/AIN_10_god_s8-300x200.jpg\" class=\"attachment-medium size-medium\" alt=\"\" \/><\/a>\n\t\t\t<\/dt><\/dl><br style=\"clear: both\" \/><dl class='gallery-item'>\n\t\t\t<dt class='gallery-icon landscape'>\n\t\t\t\t<a href='https:\/\/2025.ain.hr\/en\/artistic-studio-bjelovar-385915872421-9-2\/'><img loading=\"lazy\" decoding=\"async\" width=\"300\" height=\"200\" src=\"https:\/\/2025.ain.hr\/wp-content\/uploads\/2023\/05\/AIN_10_god_s7-300x200.jpg\" class=\"attachment-medium size-medium\" alt=\"\" \/><\/a>\n\t\t\t<\/dt><\/dl><dl class='gallery-item'>\n\t\t\t<dt class='gallery-icon landscape'>\n\t\t\t\t<a href='https:\/\/2025.ain.hr\/en\/artistic-studio-bjelovar-385915872421-10-2\/'><img loading=\"lazy\" decoding=\"async\" width=\"300\" height=\"200\" src=\"https:\/\/2025.ain.hr\/wp-content\/uploads\/2023\/05\/AIN_10_god_s9-300x200.jpg\" class=\"attachment-medium size-medium\" alt=\"\" \/><\/a>\n\t\t\t<\/dt><\/dl><dl class='gallery-item'>\n\t\t\t<dt class='gallery-icon landscape'>\n\t\t\t\t<a href='https:\/\/2025.ain.hr\/en\/artistic-studio-bjelovar-385915872421-11-2\/'><img loading=\"lazy\" decoding=\"async\" width=\"300\" height=\"200\" src=\"https:\/\/2025.ain.hr\/wp-content\/uploads\/2023\/05\/AIN_10_god_s10-300x200.jpg\" class=\"attachment-medium size-medium\" alt=\"\" \/><\/a>\n\t\t\t<\/dt><\/dl><br style=\"clear: both\" \/><dl class='gallery-item'>\n\t\t\t<dt class='gallery-icon landscape'>\n\t\t\t\t<a href='https:\/\/2025.ain.hr\/en\/artistic-studio-bjelovar-385915872421-12-2\/'><img loading=\"lazy\" decoding=\"async\" width=\"300\" height=\"200\" src=\"https:\/\/2025.ain.hr\/wp-content\/uploads\/2023\/05\/AIN_10_god_s11-300x200.jpg\" class=\"attachment-medium size-medium\" alt=\"\" \/><\/a>\n\t\t\t<\/dt><\/dl><dl class='gallery-item'>\n\t\t\t<dt class='gallery-icon landscape'>\n\t\t\t\t<a href='https:\/\/2025.ain.hr\/en\/artistic-studio-bjelovar-385915872421-13-2\/'><img loading=\"lazy\" decoding=\"async\" width=\"300\" height=\"200\" src=\"https:\/\/2025.ain.hr\/wp-content\/uploads\/2023\/05\/AIN_10_god_s12-300x200.jpg\" class=\"attachment-medium size-medium\" alt=\"\" \/><\/a>\n\t\t\t<\/dt><\/dl><dl class='gallery-item'>\n\t\t\t<dt class='gallery-icon landscape'>\n\t\t\t\t<a href='https:\/\/2025.ain.hr\/en\/artistic-studio-bjelovar-385915872421-14-2\/'><img loading=\"lazy\" decoding=\"async\" width=\"300\" height=\"200\" src=\"https:\/\/2025.ain.hr\/wp-content\/uploads\/2023\/05\/AIN_10_god_s13-300x200.jpg\" class=\"attachment-medium size-medium\" alt=\"\" \/><\/a>\n\t\t\t<\/dt><\/dl><br style=\"clear: both\" \/>\n\t\t<\/div>\n\n<p>&nbsp;<\/p>\n","protected":false},"excerpt":{"rendered":"<p>Dana 23. svibnja 2023. godine uprili\u010dili smo sve\u010danost povodom 10. godi\u0161njice osnutka na\u0161e Agencije. Agencija je po\u010dela sa samostalnim djelovanjem 2013. godine. Osnovana je temeljem Zakona o osnivanju Agencije, a osniva\u010d je Vlada Republike Hrvatske, a kao pravni sljednik Agencije za istra\u017eivanje nesre\u0107a i ozbiljnih nezgoda zrakoplova pri Ministarstvu mora, prometa i infrastrukture. Pozdravne govore [&hellip;]<\/p>\n","protected":false},"author":2,"featured_media":4315,"comment_status":"open","ping_status":"open","sticky":false,"template":"","format":"standard","meta":{"_et_pb_use_builder":"","_et_pb_old_content":"","_et_gb_content_width":"","footnotes":""},"categories":[2],"tags":[],"class_list":["post-4327","post","type-post","status-publish","format-standard","has-post-thumbnail","hentry","category-novosti"],"_links":{"self":[{"href":"https:\/\/2025.ain.hr\/en\/wp-json\/wp\/v2\/posts\/4327","targetHints":{"allow":["GET"]}}],"collection":[{"href":"https:\/\/2025.ain.hr\/en\/wp-json\/wp\/v2\/posts"}],"about":[{"href":"https:\/\/2025.ain.hr\/en\/wp-json\/wp\/v2\/types\/post"}],"author":[{"embeddable":true,"href":"https:\/\/2025.ain.hr\/en\/wp-json\/wp\/v2\/users\/2"}],"replies":[{"embeddable":true,"href":"https:\/\/2025.ain.hr\/en\/wp-json\/wp\/v2\/comments?post=4327"}],"version-history":[{"count":4,"href":"https:\/\/2025.ain.hr\/en\/wp-json\/wp\/v2\/posts\/4327\/revisions"}],"predecessor-version":[{"id":4333,"href":"https:\/\/2025.ain.hr\/en\/wp-json\/wp\/v2\/posts\/4327\/revisions\/4333"}],"wp:featuredmedia":[{"embeddable":true,"href":"https:\/\/2025.ain.hr\/en\/wp-json\/wp\/v2\/media\/4315"}],"wp:attachment":[{"href":"https:\/\/2025.ain.hr\/en\/wp-json\/wp\/v2\/media?parent=4327"}],"wp:term":[{"taxonomy":"category","embeddable":true,"href":"https:\/\/2025.ain.hr\/en\/wp-json\/wp\/v2\/categories?post=4327"},{"taxonomy":"post_tag","embeddable":true,"href":"https:\/\/2025.ain.hr\/en\/wp-json\/wp\/v2\/tags?post=4327"}],"curies":[{"name":"wp","href":"https:\/\/api.w.org\/{rel}","templated":true}]}}