{"id":4304,"date":"2023-05-22T12:42:14","date_gmt":"2023-05-22T12:42:14","guid":{"rendered":"https:\/\/2025.ain.hr\/?p=4304"},"modified":"2023-06-14T10:37:05","modified_gmt":"2023-06-14T10:37:05","slug":"nesreca-zrakoplova-tipa-cirrus-sr22-nizozemskih-registarskih-oznaka-mala-kapela-20-svibnja-2023","status":"publish","type":"post","link":"https:\/\/2025.ain.hr\/en\/nesreca-zrakoplova-tipa-cirrus-sr22-nizozemskih-registarskih-oznaka-mala-kapela-20-svibnja-2023\/","title":{"rendered":"Nesre\u0107a zrakoplova tipa Cirrus SR22 nizozemskih registarskih oznaka, Mala Kapela, 20. svibnja 2023."},"content":{"rendered":"<p>Dana 20. svibnja 2023. godine oko 12:30 sati po lokalnom vremenu, na podru\u010dju Male Kapele do\u0161lo je do pada zrakoplova tipa Cirrus SR22<br \/>\nnizozemskih registarskih oznaka. Pokrenuta je potraga, te je u 18:55 sati na \u0161umskim padinama Male Kapele prona\u0111en zrakoplov, potpuno uni\u0161ten i izgoren.<br \/>\nOsobe koje su bile u zrakoplovu, smrtno su stradale.<\/p>\n<p>Agencija za istra\u017eivanje nesre\u0107a u zra\u010dnom, pomorskom i \u017eeljezni\u010dkom prometu o doga\u0111aju je obavije\u0161tena odmah od strane OKC-MUP.<br \/>\nOdmah po dojavi o doga\u0111aju, istra\u017eitelji zrakoplovnih nesre\u0107a Agencije iza\u0161li su na teren u svrhu provo\u0111enja o\u010devida. Daljnja istraga je u tijeku.<\/p>\n<p>Nakon zavr\u0161ene sigurnosne istrage, kona\u010dni rezultati \u0107e biti javno objavljeni na web stranicama Agencije za istra\u017eivanje nesre\u0107a u zra\u010dnom, pomorskom i \u017eeljezni\u010dkom prometu u obliku Zavr\u0161nog izvje\u0161\u0107a o predmetnoj nesre\u0107i.<\/p>\n","protected":false},"excerpt":{"rendered":"<p>Dana 20. svibnja 2023. godine oko 12:30 sati po lokalnom vremenu, na podru\u010dju Male Kapele do\u0161lo je do pada zrakoplova tipa Cirrus SR22 nizozemskih registarskih oznaka. Pokrenuta je potraga, te je u 18:55 sati na \u0161umskim padinama Male Kapele prona\u0111en zrakoplov, potpuno uni\u0161ten i izgoren. Osobe koje su bile u zrakoplovu, smrtno su stradale. Agencija [&hellip;]<\/p>\n","protected":false},"author":2,"featured_media":4410,"comment_status":"open","ping_status":"open","sticky":false,"template":"","format":"standard","meta":{"_et_pb_use_builder":"","_et_pb_old_content":"","_et_gb_content_width":"","footnotes":""},"categories":[2],"tags":[],"class_list":["post-4304","post","type-post","status-publish","format-standard","has-post-thumbnail","hentry","category-novosti"],"_links":{"self":[{"href":"https:\/\/2025.ain.hr\/en\/wp-json\/wp\/v2\/posts\/4304","targetHints":{"allow":["GET"]}}],"collection":[{"href":"https:\/\/2025.ain.hr\/en\/wp-json\/wp\/v2\/posts"}],"about":[{"href":"https:\/\/2025.ain.hr\/en\/wp-json\/wp\/v2\/types\/post"}],"author":[{"embeddable":true,"href":"https:\/\/2025.ain.hr\/en\/wp-json\/wp\/v2\/users\/2"}],"replies":[{"embeddable":true,"href":"https:\/\/2025.ain.hr\/en\/wp-json\/wp\/v2\/comments?post=4304"}],"version-history":[{"count":2,"href":"https:\/\/2025.ain.hr\/en\/wp-json\/wp\/v2\/posts\/4304\/revisions"}],"predecessor-version":[{"id":4419,"href":"https:\/\/2025.ain.hr\/en\/wp-json\/wp\/v2\/posts\/4304\/revisions\/4419"}],"wp:featuredmedia":[{"embeddable":true,"href":"https:\/\/2025.ain.hr\/en\/wp-json\/wp\/v2\/media\/4410"}],"wp:attachment":[{"href":"https:\/\/2025.ain.hr\/en\/wp-json\/wp\/v2\/media?parent=4304"}],"wp:term":[{"taxonomy":"category","embeddable":true,"href":"https:\/\/2025.ain.hr\/en\/wp-json\/wp\/v2\/categories?post=4304"},{"taxonomy":"post_tag","embeddable":true,"href":"https:\/\/2025.ain.hr\/en\/wp-json\/wp\/v2\/tags?post=4304"}],"curies":[{"name":"wp","href":"https:\/\/api.w.org\/{rel}","templated":true}]}}