{"id":4212,"date":"2023-04-20T10:40:27","date_gmt":"2023-04-20T10:40:27","guid":{"rendered":"https:\/\/2025.ain.hr\/?p=4212"},"modified":"2023-04-20T10:59:27","modified_gmt":"2023-04-20T10:59:27","slug":"odrzana-panel-rasprava-na-temu-10-godina-od-liberaliziranog-trzista-zeljeznickog-prijevoza-u-republici-hrvatskoj","status":"publish","type":"post","link":"https:\/\/2025.ain.hr\/en\/odrzana-panel-rasprava-na-temu-10-godina-od-liberaliziranog-trzista-zeljeznickog-prijevoza-u-republici-hrvatskoj\/","title":{"rendered":"Odr\u017eana panel rasprava na temu &#8220;10 godina od liberaliziranog tr\u017ei\u0161ta \u017eeljezni\u010dkog prijevoza u Republici Hrvatskoj&#8221;"},"content":{"rendered":"<p>[et_pb_section fb_built=&#8221;1&#8243; _builder_version=&#8221;4.16&#8243; global_colors_info=&#8221;{}&#8221;][et_pb_row _builder_version=&#8221;4.16&#8243; background_size=&#8221;initial&#8221; background_position=&#8221;top_left&#8221; background_repeat=&#8221;repeat&#8221; global_colors_info=&#8221;{}&#8221;][et_pb_column type=&#8221;4_4&#8243; _builder_version=&#8221;4.16&#8243; custom_padding=&#8221;|||&#8221; global_colors_info=&#8221;{}&#8221; custom_padding__hover=&#8221;|||&#8221;][et_pb_text _builder_version=&#8221;4.16&#8243; background_size=&#8221;initial&#8221; background_position=&#8221;top_left&#8221; background_repeat=&#8221;repeat&#8221; global_colors_info=&#8221;{}&#8221;]Dana 18. travnja 2023. godine u organizaciji Agencije za istra\u017eivanje nesre\u0107a u zra\u010dnom, pomorskom i \u017eeljezni\u010dkom prometu (AIN),  Hrvatske regulatorne agencije za mre\u017ene djelatnosti (HAKOM) i Agencije za sigurnost \u017eeljezni\u010dkog prometa (AS\u017d) odr\u017eana je panel rasprava na temu &#8220;10 godina od liberaliziranog tr\u017ei\u0161ta \u017eeljezni\u010dkog prijevoza u Republici Hrvatskoj&#8221; u hotelu Sheraton, Zagreb.<\/p>\n<p>Pozdravne govore sudionicima skupa uputili su dr\u017eavni tajnik u Ministarstvu mora, prometa i infrastrukture Alen Gospo\u010di\u0107, predsjednik Vije\u0107a HAKOM-a Tonko Obuljen, ravnatelj AS\u017d-a \u017delimir Dela\u010d i ravnateljica AIN-a Alana Vuki\u0107.<\/p>\n<p>U panel raspravi, koja je uslijedila nakon pozdravnih govora i prezentacijskog bloka, sudjelovali su \u010dlan Uprave H\u017d Infrastrukture Marijan \u0106u\u017ei\u0107, predsjednik Uprave H\u017d Carga Dragan Mar\u010dinko, \u010dlan Uprave-direktor Rail Cargo Carrier-Croatia d.o.o. Milan Brki\u0107, komercijalni direktor Kontejnerskog terminala Jadranska vrata \u017darko Acinger, \u010dlan Vije\u0107a HAKOM-a Nikola Popovi\u0107, ravnatelj AS\u017d-a \u017delimir Dela\u010d, ravnateljica AIN-a Alana Vuki\u0107.[\/et_pb_text][et_pb_gallery gallery_ids=&#8221;4210,4209,4211&#8243; posts_number=&#8221;3&#8243; _builder_version=&#8221;4.20.1&#8243; _module_preset=&#8221;default&#8221; hover_enabled=&#8221;0&#8243; global_colors_info=&#8221;{}&#8221; show_title_and_caption=&#8221;off&#8221; sticky_enabled=&#8221;0&#8243;][\/et_pb_gallery][\/et_pb_column][\/et_pb_row][\/et_pb_section]<\/p>\n","protected":false},"excerpt":{"rendered":"<p>Dana 18. travnja 2023. godine u organizaciji Agencije za istra\u017eivanje nesre\u0107a u zra\u010dnom, pomorskom i \u017eeljezni\u010dkom prometu (AIN), Hrvatske regulatorne agencije za mre\u017ene djelatnosti (HAKOM) i Agencije za sigurnost \u017eeljezni\u010dkog prometa (AS\u017d) odr\u017eana je panel rasprava na temu &#8220;10 godina od liberaliziranog tr\u017ei\u0161ta \u017eeljezni\u010dkog prijevoza u Republici Hrvatskoj&#8221; u hotelu Sheraton, Zagreb. Pozdravne govore sudionicima [&hellip;]<\/p>\n","protected":false},"author":2,"featured_media":4208,"comment_status":"open","ping_status":"open","sticky":false,"template":"","format":"standard","meta":{"_et_pb_use_builder":"on","_et_pb_old_content":"Dana 18. travnja 2023. godine u organizaciji Agencije za istra\u017eivanje nesre\u0107a u zra\u010dnom, pomorskom i \u017eeljezni\u010dkom prometu (AIN),  Hrvatske regulatorne agencije za mre\u017ene djelatnosti (HAKOM) i Agencije za sigurnost \u017eeljezni\u010dkog prometa (AS\u017d) odr\u017eana je panel rasprava na temu \"10 godina od liberaliziranog tr\u017ei\u0161ta \u017eeljezni\u010dkog prijevoza u Republici Hrvatskoj\" u hotelu Sheraton, Zagreb.\r\n\r\nPozdravne govore sudionicima skupa uputili su dr\u017eavni tajnik u Ministarstvu mora, prometa i infrastrukture Alen Gospo\u010di\u0107, predsjednik Vije\u0107a HAKOM-a Tonko Obuljen, ravnatelj AS\u017d-a \u017delimir Dela\u010d i ravnateljica AIN-a Alana Vuki\u0107.\r\n\r\nU panel raspravi, koja je uslijedila nakon pozdravnih govora i prezentacijskog bloka, sudjelovali su \u010dlan Uprave H\u017d Infrastrukture Marijan \u0106u\u017ei\u0107, predsjednik Uprave H\u017d Carga Dragan Mar\u010dinko, \u010dlan Uprave-direktor Rail Cargo Carrier-Croatia d.o.o. Milan Brki\u0107, komercijalni direktor Kontejnerskog terminala Jadranska vrata \u017darko Acinger, \u010dlan Vije\u0107a HAKOM-a Nikola Popovi\u0107, ravnatelj AS\u017d-a \u017delimir Dela\u010d, ravnateljica AIN-a Alana Vuki\u0107.","_et_gb_content_width":"","footnotes":""},"categories":[2],"tags":[],"class_list":["post-4212","post","type-post","status-publish","format-standard","has-post-thumbnail","hentry","category-novosti"],"_links":{"self":[{"href":"https:\/\/2025.ain.hr\/en\/wp-json\/wp\/v2\/posts\/4212","targetHints":{"allow":["GET"]}}],"collection":[{"href":"https:\/\/2025.ain.hr\/en\/wp-json\/wp\/v2\/posts"}],"about":[{"href":"https:\/\/2025.ain.hr\/en\/wp-json\/wp\/v2\/types\/post"}],"author":[{"embeddable":true,"href":"https:\/\/2025.ain.hr\/en\/wp-json\/wp\/v2\/users\/2"}],"replies":[{"embeddable":true,"href":"https:\/\/2025.ain.hr\/en\/wp-json\/wp\/v2\/comments?post=4212"}],"version-history":[{"count":3,"href":"https:\/\/2025.ain.hr\/en\/wp-json\/wp\/v2\/posts\/4212\/revisions"}],"predecessor-version":[{"id":4217,"href":"https:\/\/2025.ain.hr\/en\/wp-json\/wp\/v2\/posts\/4212\/revisions\/4217"}],"wp:featuredmedia":[{"embeddable":true,"href":"https:\/\/2025.ain.hr\/en\/wp-json\/wp\/v2\/media\/4208"}],"wp:attachment":[{"href":"https:\/\/2025.ain.hr\/en\/wp-json\/wp\/v2\/media?parent=4212"}],"wp:term":[{"taxonomy":"category","embeddable":true,"href":"https:\/\/2025.ain.hr\/en\/wp-json\/wp\/v2\/categories?post=4212"},{"taxonomy":"post_tag","embeddable":true,"href":"https:\/\/2025.ain.hr\/en\/wp-json\/wp\/v2\/tags?post=4212"}],"curies":[{"name":"wp","href":"https:\/\/api.w.org\/{rel}","templated":true}]}}