{"id":4103,"date":"2023-02-27T10:39:19","date_gmt":"2023-02-27T10:39:19","guid":{"rendered":"https:\/\/2025.ain.hr\/?p=4103"},"modified":"2023-03-21T10:40:31","modified_gmt":"2023-03-21T10:40:31","slug":"sudjelovanje-predstavnice-agencije-na-ecac-icao-eur-nat-regionalnoj-radionici-o-pomoci-zrtvama-zrakoplovnih-nesreca-i-njihovim-obiteljima-milano","status":"publish","type":"post","link":"https:\/\/2025.ain.hr\/en\/sudjelovanje-predstavnice-agencije-na-ecac-icao-eur-nat-regionalnoj-radionici-o-pomoci-zrtvama-zrakoplovnih-nesreca-i-njihovim-obiteljima-milano\/","title":{"rendered":"Sudjelovanje predstavnice Agencije na ECAC-ICAO EUR\/NAT regionalnoj radionici o pomo\u0107i \u017ertvama zrakoplovnih nesre\u0107a i njihovim obiteljima, Milano"},"content":{"rendered":"<p>Dana 20. velja\u010de 2023. u Milanu, odr\u017eana je regionalna radionica ECAC-ICAO EUR\/NAT o pomo\u0107i \u017ertvama zrakoplovnih nesre\u0107a i njihovim obiteljima. Na radionici je prisustvovala predstavnica Odjela za istrage nesre\u0107a u zra\u010dnom prometu Agencije za istra\u017eivanje nesre\u0107a u zra\u010dnom, pomorskom i \u017eeljezni\u010dkom prometu.<\/p>\n<p>&nbsp;<\/p>\n<p>Na radionici se okupilo 80 zrakoplovnih stru\u010dnjaka iz 29 dr\u017eava kako bi raspravljali o u\u010dinkovitim na\u010dinima za bolje rje\u0161avanje potreba onih koji su pogo\u0111eni zrakoplovnim nesre\u0107ama. Manifestacija je odr\u017eana 20. velja\u010de, na Me\u0111unarodni dan sje\u0107anja na \u017ertve zrakoplovnih nesre\u0107a i njihove obitelji.<\/p>\n<p>&nbsp;<\/p>\n<p>Tijekom radionice sudionici su podijelili svoje uvide i iskustva o nizu tema vezanih za pomo\u0107 \u017ertvama zrakoplovnih nesre\u0107a. Razgovaralo se o izazovima i prilikama za pobolj\u0161anje postoje\u0107ih mehanizama podr\u0161ke i podijelile su se najbolje prakse za pru\u017eanje neposredne i dugoro\u010dne podr\u0161ke \u017ertvama i njihovim obiteljima. To je uklju\u010divalo razmatranje: provedbe nacionalnih planova pomo\u0107i obiteljima; omogu\u0107avanje u\u010dinkovite regionalne suradnje; rukovanje medijskim upitima; te psiholo\u0161ka i emocionalna podr\u0161ka \u017ertvama zrakoplovnih nesre\u0107a i njihovim obiteljima.<\/p>\n<p>&nbsp;<\/p>\n<p>Radionica je tako\u0111er bila usmjerena na na\u010dine pobolj\u0161anja koordinacije i komunikacije izme\u0111u razli\u010ditih sudionika uklju\u010denih u odgovor na zrakoplovnu nesre\u0107u, uklju\u010duju\u0107i zrakoplovne prijevoznike, zra\u010dne luke, vladine agencije i nevladine organizacije, poput obiteljskih udruga. Sudionici su istra\u017eivali izazove pru\u017eanja podr\u0161ke u razli\u010ditim kulturnim i jezi\u010dnim kontekstima, kao i va\u017enost po\u0161tivanja dostojanstva i privatnosti pogo\u0111enih.<\/p>\n<p>&nbsp;<\/p>\n<p>Radionica je bila va\u017ena prilika za zrakoplovne stru\u010dnjake da razmijene svoje znanje i stru\u010dnost te da u\u010de jedni od drugih. Uvidi ste\u010deni na radionici koristit \u0107e se za poduzimanje radnji za pobolj\u0161anje kvalitete pomo\u0107i koja se pru\u017ea \u017ertvama zrakoplovnih nesre\u0107a i njihovim obiteljima, kako u Europi tako i izvan nje.<\/p>\n<p>&nbsp;<\/p>\n<p>Ova zajedni\u010dka ECAC-ICAO EUR\/NAT regionalna radionica zna\u010dajan je korak naprijed u pobolj\u0161anju zajedni\u010dkog odgovora zrakoplovne industrije na nesre\u0107e zrakoplova. To pokazuje predanost dr\u017eava i industrije da osiguraju da oni koji su pogo\u0111eni zrakoplovnim nesre\u0107ama dobiju najbolju mogu\u0107u skrb i podr\u0161ku.<\/p>\n<p>&nbsp;<\/p>\n","protected":false},"excerpt":{"rendered":"<p>Dana 20. velja\u010de 2023. u Milanu, odr\u017eana je regionalna radionica ECAC-ICAO EUR\/NAT o pomo\u0107i \u017ertvama zrakoplovnih nesre\u0107a i njihovim obiteljima. Na radionici je prisustvovala predstavnica Odjela za istrage nesre\u0107a u zra\u010dnom prometu Agencije za istra\u017eivanje nesre\u0107a u zra\u010dnom, pomorskom i \u017eeljezni\u010dkom prometu. &nbsp; Na radionici se okupilo 80 zrakoplovnih stru\u010dnjaka iz 29 dr\u017eava kako bi [&hellip;]<\/p>\n","protected":false},"author":2,"featured_media":4102,"comment_status":"open","ping_status":"open","sticky":false,"template":"","format":"standard","meta":{"_et_pb_use_builder":"","_et_pb_old_content":"","_et_gb_content_width":"","footnotes":""},"categories":[2],"tags":[],"class_list":["post-4103","post","type-post","status-publish","format-standard","has-post-thumbnail","hentry","category-novosti"],"_links":{"self":[{"href":"https:\/\/2025.ain.hr\/en\/wp-json\/wp\/v2\/posts\/4103","targetHints":{"allow":["GET"]}}],"collection":[{"href":"https:\/\/2025.ain.hr\/en\/wp-json\/wp\/v2\/posts"}],"about":[{"href":"https:\/\/2025.ain.hr\/en\/wp-json\/wp\/v2\/types\/post"}],"author":[{"embeddable":true,"href":"https:\/\/2025.ain.hr\/en\/wp-json\/wp\/v2\/users\/2"}],"replies":[{"embeddable":true,"href":"https:\/\/2025.ain.hr\/en\/wp-json\/wp\/v2\/comments?post=4103"}],"version-history":[{"count":1,"href":"https:\/\/2025.ain.hr\/en\/wp-json\/wp\/v2\/posts\/4103\/revisions"}],"predecessor-version":[{"id":4104,"href":"https:\/\/2025.ain.hr\/en\/wp-json\/wp\/v2\/posts\/4103\/revisions\/4104"}],"wp:featuredmedia":[{"embeddable":true,"href":"https:\/\/2025.ain.hr\/en\/wp-json\/wp\/v2\/media\/4102"}],"wp:attachment":[{"href":"https:\/\/2025.ain.hr\/en\/wp-json\/wp\/v2\/media?parent=4103"}],"wp:term":[{"taxonomy":"category","embeddable":true,"href":"https:\/\/2025.ain.hr\/en\/wp-json\/wp\/v2\/categories?post=4103"},{"taxonomy":"post_tag","embeddable":true,"href":"https:\/\/2025.ain.hr\/en\/wp-json\/wp\/v2\/tags?post=4103"}],"curies":[{"name":"wp","href":"https:\/\/api.w.org\/{rel}","templated":true}]}}