{"id":4093,"date":"2023-03-16T10:17:53","date_gmt":"2023-03-16T10:17:53","guid":{"rendered":"https:\/\/2025.ain.hr\/?p=4093"},"modified":"2023-03-21T10:22:02","modified_gmt":"2023-03-21T10:22:02","slug":"ocevid-nesrece-na-zcp-u-zagrebacka-na-pruzi-oznake-r201-14-ozujka-2023","status":"publish","type":"post","link":"https:\/\/2025.ain.hr\/en\/ocevid-nesrece-na-zcp-u-zagrebacka-na-pruzi-oznake-r201-14-ozujka-2023\/","title":{"rendered":"O\u010devid nesre\u0107e na \u017dCP-u \u201eZagreba\u010dka\u201c na pruzi oznake R201, 14. o\u017eujka 2023."},"content":{"rendered":"<p>Dana 14.o\u017eujka 2023. godine, u 06:00 sati od strane dru\u0161tva H\u017d Infrastruktura d.o.o., Sektor za promet, zaprimljena je obavijest o nesre\u0107i na \u017dCP-u \u201eZagreba\u010dka\u201c aktivno osiguranim (SV+ZV+POL) u km 098+288 pruge R201, gdje je u 05:45 sati do\u0161lo do podlijetanja manjeg teretnog cestovnog vozila pod putni\u010dki vlak broj 3300.<\/p>\n<p>U navedenoj nesre\u0107i lak\u0161e je ozlije\u0111en voza\u010d cestovnog vozila, te je zabilje\u017eena ve\u0107a materijalna \u0161teta na cestovnom vozilu i manja na vlaku.<\/p>\n<p>Nakon \u0161to se prikupe svi relevantni podaci u svezi nesre\u0107e i izradi analiza svih prikupljenih podataka, utvrditi \u0107e se da li je bilo propusta u svezi sigurnosti \u017eeljezni\u010dkog sustava, te \u0107e se odlu\u010diti o pokretanju\/nepokretanju sigurnosne istrage predmetne \u017eeljezni\u010dke nesre\u0107e.<\/p>\n","protected":false},"excerpt":{"rendered":"<p>Dana 14.o\u017eujka 2023. godine, u 06:00 sati od strane dru\u0161tva H\u017d Infrastruktura d.o.o., Sektor za promet, zaprimljena je obavijest o nesre\u0107i na \u017dCP-u \u201eZagreba\u010dka\u201c aktivno osiguranim (SV+ZV+POL) u km 098+288 pruge R201, gdje je u 05:45 sati do\u0161lo do podlijetanja manjeg teretnog cestovnog vozila pod putni\u010dki vlak broj 3300. U navedenoj nesre\u0107i lak\u0161e je ozlije\u0111en [&hellip;]<\/p>\n","protected":false},"author":2,"featured_media":4092,"comment_status":"open","ping_status":"open","sticky":false,"template":"","format":"standard","meta":{"_et_pb_use_builder":"","_et_pb_old_content":"","_et_gb_content_width":"","footnotes":""},"categories":[2],"tags":[],"class_list":["post-4093","post","type-post","status-publish","format-standard","has-post-thumbnail","hentry","category-novosti"],"_links":{"self":[{"href":"https:\/\/2025.ain.hr\/en\/wp-json\/wp\/v2\/posts\/4093","targetHints":{"allow":["GET"]}}],"collection":[{"href":"https:\/\/2025.ain.hr\/en\/wp-json\/wp\/v2\/posts"}],"about":[{"href":"https:\/\/2025.ain.hr\/en\/wp-json\/wp\/v2\/types\/post"}],"author":[{"embeddable":true,"href":"https:\/\/2025.ain.hr\/en\/wp-json\/wp\/v2\/users\/2"}],"replies":[{"embeddable":true,"href":"https:\/\/2025.ain.hr\/en\/wp-json\/wp\/v2\/comments?post=4093"}],"version-history":[{"count":1,"href":"https:\/\/2025.ain.hr\/en\/wp-json\/wp\/v2\/posts\/4093\/revisions"}],"predecessor-version":[{"id":4094,"href":"https:\/\/2025.ain.hr\/en\/wp-json\/wp\/v2\/posts\/4093\/revisions\/4094"}],"wp:featuredmedia":[{"embeddable":true,"href":"https:\/\/2025.ain.hr\/en\/wp-json\/wp\/v2\/media\/4092"}],"wp:attachment":[{"href":"https:\/\/2025.ain.hr\/en\/wp-json\/wp\/v2\/media?parent=4093"}],"wp:term":[{"taxonomy":"category","embeddable":true,"href":"https:\/\/2025.ain.hr\/en\/wp-json\/wp\/v2\/categories?post=4093"},{"taxonomy":"post_tag","embeddable":true,"href":"https:\/\/2025.ain.hr\/en\/wp-json\/wp\/v2\/tags?post=4093"}],"curies":[{"name":"wp","href":"https:\/\/api.w.org\/{rel}","templated":true}]}}