{"id":3994,"date":"2023-02-15T11:21:24","date_gmt":"2023-02-15T11:21:24","guid":{"rendered":"https:\/\/2025.ain.hr\/?p=3994"},"modified":"2023-02-15T11:22:21","modified_gmt":"2023-02-15T11:22:21","slug":"ocevid-nesrece-na-zcp-u-06-na-pruzi-oznake-m201-12-02-2023","status":"publish","type":"post","link":"https:\/\/2025.ain.hr\/en\/ocevid-nesrece-na-zcp-u-06-na-pruzi-oznake-m201-12-02-2023\/","title":{"rendered":"O\u010devid nesre\u0107e na \u017dCP-u \u201e06\u201c na pruzi oznake M201, 12. velja\u010de 2023."},"content":{"rendered":"<p>Dana 12. velja\u010de 2023. godine, u 12:01 sati od strane dru\u0161tva H\u017d Infrastruktura d.o.o., Sektor za promet, zaprimljena je obavijest o nesre\u0107i na \u017dCP-u \u201e06\u201c aktivno osiguranom (svjetlo i zvuk) u km 452+068 pruge M201, gdje je u 11:40 sati prilikom uklju\u010dene svjetlo-zvu\u010dne signalizacije prijelaza do\u0161lo do naleta osobnog cestovnog vozila na lijevu bo\u010dnu stranu putni\u010dkog vlaka broj 984.<\/p>\n<p>U navedenoj nesre\u0107i nitko nije smrtno stradao niti je ozlije\u0111en, zabilje\u017eena je materijalna \u0161teta na vlaku i na osobnom cestovnom vozilu.<\/p>\n<p>Nakon \u0161to se prikupe svi relevantni podaci u svezi nesre\u0107e i izradi analiza svih prikupljenih podataka, utvrditi \u0107e se da li je bilo propusta u svezi sigurnosti \u017eeljezni\u010dkog sustava, te \u0107e se\u00a0 odlu\u010diti o pokretanju\/nepokretanju sigurnosne istrage predmetne \u017eeljezni\u010dke nesre\u0107e.<\/p>\n","protected":false},"excerpt":{"rendered":"<p>Dana 12. velja\u010de 2023. godine, u 12:01 sati od strane dru\u0161tva H\u017d Infrastruktura d.o.o., Sektor za promet, zaprimljena je obavijest o nesre\u0107i na \u017dCP-u \u201e06\u201c aktivno osiguranom (svjetlo i zvuk) u km 452+068 pruge M201, gdje je u 11:40 sati prilikom uklju\u010dene svjetlo-zvu\u010dne signalizacije prijelaza do\u0161lo do naleta osobnog cestovnog vozila na lijevu bo\u010dnu stranu [&hellip;]<\/p>\n","protected":false},"author":2,"featured_media":3993,"comment_status":"open","ping_status":"open","sticky":false,"template":"","format":"standard","meta":{"_et_pb_use_builder":"","_et_pb_old_content":"","_et_gb_content_width":"","footnotes":""},"categories":[2],"tags":[],"class_list":["post-3994","post","type-post","status-publish","format-standard","has-post-thumbnail","hentry","category-novosti"],"_links":{"self":[{"href":"https:\/\/2025.ain.hr\/en\/wp-json\/wp\/v2\/posts\/3994","targetHints":{"allow":["GET"]}}],"collection":[{"href":"https:\/\/2025.ain.hr\/en\/wp-json\/wp\/v2\/posts"}],"about":[{"href":"https:\/\/2025.ain.hr\/en\/wp-json\/wp\/v2\/types\/post"}],"author":[{"embeddable":true,"href":"https:\/\/2025.ain.hr\/en\/wp-json\/wp\/v2\/users\/2"}],"replies":[{"embeddable":true,"href":"https:\/\/2025.ain.hr\/en\/wp-json\/wp\/v2\/comments?post=3994"}],"version-history":[{"count":2,"href":"https:\/\/2025.ain.hr\/en\/wp-json\/wp\/v2\/posts\/3994\/revisions"}],"predecessor-version":[{"id":3996,"href":"https:\/\/2025.ain.hr\/en\/wp-json\/wp\/v2\/posts\/3994\/revisions\/3996"}],"wp:featuredmedia":[{"embeddable":true,"href":"https:\/\/2025.ain.hr\/en\/wp-json\/wp\/v2\/media\/3993"}],"wp:attachment":[{"href":"https:\/\/2025.ain.hr\/en\/wp-json\/wp\/v2\/media?parent=3994"}],"wp:term":[{"taxonomy":"category","embeddable":true,"href":"https:\/\/2025.ain.hr\/en\/wp-json\/wp\/v2\/categories?post=3994"},{"taxonomy":"post_tag","embeddable":true,"href":"https:\/\/2025.ain.hr\/en\/wp-json\/wp\/v2\/tags?post=3994"}],"curies":[{"name":"wp","href":"https:\/\/api.w.org\/{rel}","templated":true}]}}